{"id":63146,"date":"2025-06-01T13:30:07","date_gmt":"2025-06-01T13:30:07","guid":{"rendered":"https:\/\/lahora.mx\/?p=63146"},"modified":"2025-06-02T13:31:25","modified_gmt":"2025-06-02T13:31:25","slug":"chedraui-presentara-denuncias-contra-empresas-que-cobran-contratos-injustificados","status":"publish","type":"post","link":"https:\/\/lahora.mx\/index.php\/2025\/06\/01\/chedraui-presentara-denuncias-contra-empresas-que-cobran-contratos-injustificados\/","title":{"rendered":"Chedraui presentar\u00e1 denuncias contra empresas que cobran contratos injustificados\u00a0\u00a0"},"content":{"rendered":"\n<p>El presidente municipal de Puebla, Jos\u00e9 Chedraui Budib, anunci\u00f3 que su administraci\u00f3n interpondr\u00e1 denuncias en contra de las empresas que incumplieron contratos en la gesti\u00f3n anterior y actualmente buscan un pago sin sustento.<\/p>\n\n\n\n<p>Luego de emitir su voto en la jornada electoral del Poder Judicial, el edil capitalino hizo hincapi\u00e9 en que su gobierno no asumir\u00e1 compromisos financieros que no est\u00e9n debidamente respaldados.<br><br>Nosotros vamos a presentar las denuncias en contra de las empresas que dan facturas sin ning\u00fan sustento. Si se les debe, hay que sustentarlo, pero si no lo hacen, no se les va a pagar,<br>afirm\u00f3.<br>Aunque no revel\u00f3 el monto total de los adeudos observados ni el n\u00famero de empresas involucradas, sostuvo que se est\u00e1n revisando los casos para determinar los pagos que se pueden realizar, mismos que deben estar plenamente justificados.<\/p>\n\n\n\n<p>Ante esto, Chedraui Budib indic\u00f3 que ya se notific\u00f3 a la Auditor\u00eda Superior del Estado (ASE) sobre estas inconsistencias, y que se est\u00e1n realizando los procesos necesarios para deslindar responsabilidades y tomar acciones legales.<\/p>\n\n\n\n<p>Se est\u00e1 checando para saber qu\u00e9 s\u00ed se puede pagar y qu\u00e9 no. Nosotros no vamos a pagar lo que no est\u00e9 sustentado porque hay muchas cosas que no lo est\u00e1n,<br>agreg\u00f3.<br>Respalda proyectos de la administraci\u00f3n estatal<br>En otro tema, el edil respald\u00f3 en su totalidad los proyectos del gobierno estatal e hizo \u00e9nfasis en la construcci\u00f3n del ecoparque La Malinche y adelant\u00f3 encuentros con la ciudadan\u00eda para exponerles los beneficios del programa.<\/p>\n\n\n\n<p>Indic\u00f3 que, adem\u00e1s de rehabilitar el ecoparque, tambi\u00e9n se har\u00e1 lo mismo en la carretera que llega hasta la zona, tambi\u00e9n se dar\u00e1 financiamiento para que peque\u00f1os negocios puedan hacer adecuaciones para mejorar sus espacios de comercio.<br><br>De igual manera se prev\u00e9 la puesta en marcha de hostales para buscar que exista una derrama econ\u00f3mica m\u00e1s alta proveniente de este proyecto.<\/p>\n\n\n\n<p>El edil sum\u00f3 que buscar\u00e1 un acercamiento con las personas inconformes con el proyecto del ecoparque para exponerles los beneficios del mismo y detallar las acciones para su detonaci\u00f3n.<\/p>\n","protected":false},"excerpt":{"rendered":"<p>El presidente municipal de Puebla, Jos\u00e9 Chedraui Budib, anunci\u00f3 que su administraci\u00f3n interpondr\u00e1 denuncias en contra de las empresas que incumplieron contratos en la gesti\u00f3n anterior y actualmente buscan un pago sin sustento. Luego de emitir su voto en la jornada electoral del Poder Judicial, el edil capitalino hizo hincapi\u00e9 en que su gobierno no [&hellip;]<\/p>\n","protected":false},"author":4,"featured_media":63147,"comment_status":"open","ping_status":"open","sticky":false,"template":"","format":"standard","meta":{"om_disable_all_campaigns":false,"_monsterinsights_skip_tracking":false,"_monsterinsights_sitenote_active":false,"_monsterinsights_sitenote_note":"","_monsterinsights_sitenote_category":0,"footnotes":""},"categories":[175],"tags":[195,223],"class_list":["post-63146","post","type-post","status-publish","format-standard","has-post-thumbnail","hentry","category-local","tag-principal","tag-puebla"],"amp_enabled":true,"_links":{"self":[{"href":"https:\/\/lahora.mx\/index.php\/wp-json\/wp\/v2\/posts\/63146","targetHints":{"allow":["GET"]}}],"collection":[{"href":"https:\/\/lahora.mx\/index.php\/wp-json\/wp\/v2\/posts"}],"about":[{"href":"https:\/\/lahora.mx\/index.php\/wp-json\/wp\/v2\/types\/post"}],"author":[{"embeddable":true,"href":"https:\/\/lahora.mx\/index.php\/wp-json\/wp\/v2\/users\/4"}],"replies":[{"embeddable":true,"href":"https:\/\/lahora.mx\/index.php\/wp-json\/wp\/v2\/comments?post=63146"}],"version-history":[{"count":1,"href":"https:\/\/lahora.mx\/index.php\/wp-json\/wp\/v2\/posts\/63146\/revisions"}],"predecessor-version":[{"id":63148,"href":"https:\/\/lahora.mx\/index.php\/wp-json\/wp\/v2\/posts\/63146\/revisions\/63148"}],"wp:featuredmedia":[{"embeddable":true,"href":"https:\/\/lahora.mx\/index.php\/wp-json\/wp\/v2\/media\/63147"}],"wp:attachment":[{"href":"https:\/\/lahora.mx\/index.php\/wp-json\/wp\/v2\/media?parent=63146"}],"wp:term":[{"taxonomy":"category","embeddable":true,"href":"https:\/\/lahora.mx\/index.php\/wp-json\/wp\/v2\/categories?post=63146"},{"taxonomy":"post_tag","embeddable":true,"href":"https:\/\/lahora.mx\/index.php\/wp-json\/wp\/v2\/tags?post=63146"}],"curies":[{"name":"wp","href":"https:\/\/api.w.org\/{rel}","templated":true}]}}