{"id":63137,"date":"2025-06-02T00:56:59","date_gmt":"2025-06-02T00:56:59","guid":{"rendered":"https:\/\/lahora.mx\/?p=63137"},"modified":"2025-06-02T00:56:59","modified_gmt":"2025-06-02T00:56:59","slug":"se-registra-fuerte-lluvia-con-granizo-en-las-cholulas","status":"publish","type":"post","link":"https:\/\/lahora.mx\/index.php\/2025\/06\/02\/se-registra-fuerte-lluvia-con-granizo-en-las-cholulas\/","title":{"rendered":"Se registra fuerte lluvia con granizo en las Cholulas"},"content":{"rendered":"\n<p>Una fuerte lluvia con granizo y viento se present\u00f3 en la tarde de este domingo, causando diferentes anegaciones en calles de este Pueblo M\u00e1gico, sorprende a habitantes y automovilistas quienes tuvieron que buscar donde resguardarse.<br><br>Uno de los puntos que se vio m\u00e1s afectado fue el perif\u00e9rico ecol\u00f3gico y es que a la altura de Nuevo Le\u00f3n en Cuautlancingo comenz\u00f3 la fuerte lluvia y poco despu\u00e9s de la reducci\u00f3n a Cholula comenz\u00f3 el granizo, que pint\u00f3 de blanco diferentes vialidades.<\/p>\n\n\n\n<p>La Recta a Cholula fue una de las v\u00edas que comenz\u00f3 a anegarse el agua y se report\u00f3 la ca\u00edda de un \u00e1rbol sobre esta importante v\u00eda en sentido a Cholula y es que en este punto se gener\u00f3 fuerte aguacero con viento, por lo que protecci\u00f3n civil activ\u00f3 los protocolos de emergencia.<\/p>\n\n\n\n<p>En San Pedro Cholula tambi\u00e9n se gener\u00f3 un fuerte aguacero, por lo que se activaron protocolos en los puntos donde se tienen problemas de inundaciones a fin de evitar los mismos ya pesar de que fue un aguacero tipo tromba fue muy r\u00e1pido, por lo que se causaron algunas anegaciones.<\/p>\n","protected":false},"excerpt":{"rendered":"<p>Una fuerte lluvia con granizo y viento se present\u00f3 en la tarde de este domingo, causando diferentes anegaciones en calles de este Pueblo M\u00e1gico, sorprende a habitantes y automovilistas quienes tuvieron que buscar donde resguardarse. Uno de los puntos que se vio m\u00e1s afectado fue el perif\u00e9rico ecol\u00f3gico y es que a la altura de [&hellip;]<\/p>\n","protected":false},"author":4,"featured_media":63138,"comment_status":"open","ping_status":"open","sticky":false,"template":"","format":"standard","meta":{"om_disable_all_campaigns":false,"_monsterinsights_skip_tracking":false,"_monsterinsights_sitenote_active":false,"_monsterinsights_sitenote_note":"","_monsterinsights_sitenote_category":0,"footnotes":""},"categories":[175],"tags":[234,223],"class_list":["post-63137","post","type-post","status-publish","format-standard","has-post-thumbnail","hentry","category-local","tag-cholula","tag-puebla"],"amp_enabled":true,"_links":{"self":[{"href":"https:\/\/lahora.mx\/index.php\/wp-json\/wp\/v2\/posts\/63137","targetHints":{"allow":["GET"]}}],"collection":[{"href":"https:\/\/lahora.mx\/index.php\/wp-json\/wp\/v2\/posts"}],"about":[{"href":"https:\/\/lahora.mx\/index.php\/wp-json\/wp\/v2\/types\/post"}],"author":[{"embeddable":true,"href":"https:\/\/lahora.mx\/index.php\/wp-json\/wp\/v2\/users\/4"}],"replies":[{"embeddable":true,"href":"https:\/\/lahora.mx\/index.php\/wp-json\/wp\/v2\/comments?post=63137"}],"version-history":[{"count":1,"href":"https:\/\/lahora.mx\/index.php\/wp-json\/wp\/v2\/posts\/63137\/revisions"}],"predecessor-version":[{"id":63139,"href":"https:\/\/lahora.mx\/index.php\/wp-json\/wp\/v2\/posts\/63137\/revisions\/63139"}],"wp:featuredmedia":[{"embeddable":true,"href":"https:\/\/lahora.mx\/index.php\/wp-json\/wp\/v2\/media\/63138"}],"wp:attachment":[{"href":"https:\/\/lahora.mx\/index.php\/wp-json\/wp\/v2\/media?parent=63137"}],"wp:term":[{"taxonomy":"category","embeddable":true,"href":"https:\/\/lahora.mx\/index.php\/wp-json\/wp\/v2\/categories?post=63137"},{"taxonomy":"post_tag","embeddable":true,"href":"https:\/\/lahora.mx\/index.php\/wp-json\/wp\/v2\/tags?post=63137"}],"curies":[{"name":"wp","href":"https:\/\/api.w.org\/{rel}","templated":true}]}}