{"id":6312,"date":"2022-05-01T17:11:36","date_gmt":"2022-05-01T17:11:36","guid":{"rendered":"http:\/\/lahora.mx\/?p=6312"},"modified":"2022-05-01T17:11:37","modified_gmt":"2022-05-01T17:11:37","slug":"miles-de-trabajadores-en-dos-bocas-junto-a-amlo-conmemoran-el-dia-del-trabajo","status":"publish","type":"post","link":"https:\/\/lahora.mx\/index.php\/2022\/05\/01\/miles-de-trabajadores-en-dos-bocas-junto-a-amlo-conmemoran-el-dia-del-trabajo\/","title":{"rendered":"Miles de trabajadores en Dos Bocas junto a AMLO conmemoran el D\u00eda del Trabajo"},"content":{"rendered":"\n<p>Este domingo, el presidente Andr\u00e9s Manuel L\u00f3pez Obrador\u00a0encabezar\u00e1 la ceremonia del<strong>\u00a0D\u00eda del Trabajo\u00a0<\/strong>en la<strong>\u00a0refiner\u00eda Dos Bocas<\/strong>\u00a0\u201cOlmeca\u201d, junto con miles de obreros que trabajan en esta obra que busca inaugurar el pr\u00f3ximo 1 de julio.<br><\/p>\n\n\n\n<p>Pese a que es su d\u00eda de descanso, los&nbsp;<strong>obreros fueron convocados&nbsp;<\/strong>al acto con la promesa que se les pagar\u00e1n doble por ser domingo y d\u00eda festivo.<\/p>\n\n\n\n<p>Acompa\u00f1ar\u00e1n al titular del Ejecutivo federal en esta ceremonia Luisa Mar\u00eda Alcalde, titular del  Trabajo y Previsi\u00f3n Social (STPS); Roc\u00edo Nahle, secretaria de Energ\u00eda (Sener) y encargada de la obra de la refiner\u00eda.<br><\/p>\n\n\n\n<p>Tambi\u00e9n estar\u00e1n presentes Octavio Romero Oropeza, director de Petr\u00f3leos Mexicanos (Pemex); as\u00ed como el gobernador de&nbsp;<strong>Tabasco<\/strong>, Carlos Manuel Merino Campos.<\/p>\n\n\n\n<p>Al t\u00e9rmino del evento, el presidente L\u00f3pez Obrador se dirigir\u00e1 al Aeropuerto Internacional de Villahermosa, donde tomar\u00e1 un vuelo comercial de regreso al a la Ciudad de M\u00e9xico.<\/p>\n","protected":false},"excerpt":{"rendered":"<p>Este domingo, el presidente Andr\u00e9s Manuel L\u00f3pez Obrador\u00a0encabezar\u00e1 la ceremonia del\u00a0D\u00eda del Trabajo\u00a0en la\u00a0refiner\u00eda Dos Bocas\u00a0\u201cOlmeca\u201d, junto con miles de obreros que trabajan en esta obra que busca inaugurar el pr\u00f3ximo 1 de julio. Pese a que es su d\u00eda de descanso, los&nbsp;obreros fueron convocados&nbsp;al acto con la promesa que se les pagar\u00e1n doble por [&hellip;]<\/p>\n","protected":false},"author":4,"featured_media":6313,"comment_status":"open","ping_status":"open","sticky":false,"template":"","format":"standard","meta":{"om_disable_all_campaigns":false,"_monsterinsights_skip_tracking":false,"_monsterinsights_sitenote_active":false,"_monsterinsights_sitenote_note":"","_monsterinsights_sitenote_category":0,"footnotes":""},"categories":[176],"tags":[],"class_list":["post-6312","post","type-post","status-publish","format-standard","has-post-thumbnail","hentry","category-nacional"],"amp_enabled":true,"_links":{"self":[{"href":"https:\/\/lahora.mx\/index.php\/wp-json\/wp\/v2\/posts\/6312","targetHints":{"allow":["GET"]}}],"collection":[{"href":"https:\/\/lahora.mx\/index.php\/wp-json\/wp\/v2\/posts"}],"about":[{"href":"https:\/\/lahora.mx\/index.php\/wp-json\/wp\/v2\/types\/post"}],"author":[{"embeddable":true,"href":"https:\/\/lahora.mx\/index.php\/wp-json\/wp\/v2\/users\/4"}],"replies":[{"embeddable":true,"href":"https:\/\/lahora.mx\/index.php\/wp-json\/wp\/v2\/comments?post=6312"}],"version-history":[{"count":1,"href":"https:\/\/lahora.mx\/index.php\/wp-json\/wp\/v2\/posts\/6312\/revisions"}],"predecessor-version":[{"id":6314,"href":"https:\/\/lahora.mx\/index.php\/wp-json\/wp\/v2\/posts\/6312\/revisions\/6314"}],"wp:featuredmedia":[{"embeddable":true,"href":"https:\/\/lahora.mx\/index.php\/wp-json\/wp\/v2\/media\/6313"}],"wp:attachment":[{"href":"https:\/\/lahora.mx\/index.php\/wp-json\/wp\/v2\/media?parent=6312"}],"wp:term":[{"taxonomy":"category","embeddable":true,"href":"https:\/\/lahora.mx\/index.php\/wp-json\/wp\/v2\/categories?post=6312"},{"taxonomy":"post_tag","embeddable":true,"href":"https:\/\/lahora.mx\/index.php\/wp-json\/wp\/v2\/tags?post=6312"}],"curies":[{"name":"wp","href":"https:\/\/api.w.org\/{rel}","templated":true}]}}