{"id":63109,"date":"2025-06-01T19:42:26","date_gmt":"2025-06-01T19:42:26","guid":{"rendered":"https:\/\/lahora.mx\/?p=63109"},"modified":"2025-06-01T19:42:27","modified_gmt":"2025-06-01T19:42:27","slug":"el-gobernador-alejandro-armenta-llama-a-votar-libremente-por-el-poder-judicial","status":"publish","type":"post","link":"https:\/\/lahora.mx\/index.php\/2025\/06\/01\/el-gobernador-alejandro-armenta-llama-a-votar-libremente-por-el-poder-judicial\/","title":{"rendered":"El gobernador Alejandro Armenta llama a votar libremente por el Poder Judicial"},"content":{"rendered":"\n<p>El gobernador de Puebla, Alejandro Armenta, acudi\u00f3 a emitir su voto esta ma\u00f1ana para elegir a quienes integrar\u00e1n el Poder Judicial de la Federaci\u00f3n, e hizo un llamado a las y los poblanos a participar libre y democr\u00e1ticamente.<\/p>\n\n\n\n<p>El mandatario estatal acompa\u00f1ado por su esposa Ceci Arellano, presidenta del Patronato del Sistema Estatal DIF, y por su hija Cristy, emiti\u00f3 su voto en la casilla b\u00e1sica, secci\u00f3n 1156, instalada en el Jard\u00edn de Ni\u00f1os Despertar, refiri\u00f3 que la legitimidad de dichas elecciones se la dar\u00e1 la ciudadan\u00eda. \u00abSiempre ser\u00e1 mejor que un mill\u00f3n, dos millones, diez millones de mexicanos elijan a los guardianes de la justicia, al Poder Judicial que un pu\u00f1ado de senadores y la presidencia de la rep\u00fablica\u00bb, puntualiz\u00f3 el gobernador.<\/p>\n\n\n\n<p>Cabe recordar que se trata de una jornada electoral hist\u00f3rica, al celebrarse por primera vez elecciones para renovar a jueces, magistrados y ministros. En este sentido, el titular del ejecutivo estatal subray\u00f3 que se tiene buena participaci\u00f3n en un hecho in\u00e9dito para las y los mexicanos.<\/p>\n\n\n\n<p>Finalmente, el gobernador inform\u00f3 que de manera coordinada e interinstitucional, elementos del Ej\u00e9rcito, la Marina, la Guardia Nacional y la Secretar\u00eda de Seguridad P\u00fablica, realizan operativos para mantener la seguridad y el orden durante esta jornada.<br><br><\/p>\n","protected":false},"excerpt":{"rendered":"<p>El gobernador de Puebla, Alejandro Armenta, acudi\u00f3 a emitir su voto esta ma\u00f1ana para elegir a quienes integrar\u00e1n el Poder Judicial de la Federaci\u00f3n, e hizo un llamado a las y los poblanos a participar libre y democr\u00e1ticamente. El mandatario estatal acompa\u00f1ado por su esposa Ceci Arellano, presidenta del Patronato del Sistema Estatal DIF, y [&hellip;]<\/p>\n","protected":false},"author":4,"featured_media":63110,"comment_status":"open","ping_status":"open","sticky":false,"template":"","format":"standard","meta":{"om_disable_all_campaigns":false,"_monsterinsights_skip_tracking":false,"_monsterinsights_sitenote_active":false,"_monsterinsights_sitenote_note":"","_monsterinsights_sitenote_category":0,"footnotes":""},"categories":[175],"tags":[239,223],"class_list":["post-63109","post","type-post","status-publish","format-standard","has-post-thumbnail","hentry","category-local","tag-gobierno","tag-puebla"],"amp_enabled":true,"_links":{"self":[{"href":"https:\/\/lahora.mx\/index.php\/wp-json\/wp\/v2\/posts\/63109","targetHints":{"allow":["GET"]}}],"collection":[{"href":"https:\/\/lahora.mx\/index.php\/wp-json\/wp\/v2\/posts"}],"about":[{"href":"https:\/\/lahora.mx\/index.php\/wp-json\/wp\/v2\/types\/post"}],"author":[{"embeddable":true,"href":"https:\/\/lahora.mx\/index.php\/wp-json\/wp\/v2\/users\/4"}],"replies":[{"embeddable":true,"href":"https:\/\/lahora.mx\/index.php\/wp-json\/wp\/v2\/comments?post=63109"}],"version-history":[{"count":1,"href":"https:\/\/lahora.mx\/index.php\/wp-json\/wp\/v2\/posts\/63109\/revisions"}],"predecessor-version":[{"id":63111,"href":"https:\/\/lahora.mx\/index.php\/wp-json\/wp\/v2\/posts\/63109\/revisions\/63111"}],"wp:featuredmedia":[{"embeddable":true,"href":"https:\/\/lahora.mx\/index.php\/wp-json\/wp\/v2\/media\/63110"}],"wp:attachment":[{"href":"https:\/\/lahora.mx\/index.php\/wp-json\/wp\/v2\/media?parent=63109"}],"wp:term":[{"taxonomy":"category","embeddable":true,"href":"https:\/\/lahora.mx\/index.php\/wp-json\/wp\/v2\/categories?post=63109"},{"taxonomy":"post_tag","embeddable":true,"href":"https:\/\/lahora.mx\/index.php\/wp-json\/wp\/v2\/tags?post=63109"}],"curies":[{"name":"wp","href":"https:\/\/api.w.org\/{rel}","templated":true}]}}