{"id":63106,"date":"2025-06-01T16:46:33","date_gmt":"2025-06-01T16:46:33","guid":{"rendered":"https:\/\/lahora.mx\/?p=63106"},"modified":"2025-06-01T16:46:34","modified_gmt":"2025-06-01T16:46:34","slug":"arranca-la-instalacion-de-casillas-para-las-elecciones-judiciales","status":"publish","type":"post","link":"https:\/\/lahora.mx\/index.php\/2025\/06\/01\/arranca-la-instalacion-de-casillas-para-las-elecciones-judiciales\/","title":{"rendered":"Arranca la instalaci\u00f3n de casillas para las elecciones judiciales"},"content":{"rendered":"\n<p>nicia la elecci\u00f3n del Poder Judicial en la entidad poblana; al corte de las 08:00 horas se han instalado 223 casillas y no se registraron incidentes como el robo de urnas.<\/p>\n\n\n\n<p>Esto fue informado en la sesi\u00f3n de este domingo, donde el presidente de la junta local del Instituto Electoral del Estado (IEE), Edgar Humberto Arias Alba, revel\u00f3 que el INE se encuentra vigilando el proceso a fin de evitar anomal\u00edas.<\/p>\n\n\n\n<p>Asimismo, en la sesi\u00f3n se dio a conocer que en Puebla se instalar\u00e1n 3 mil 773 casillas, donde m\u00e1s 5 millones de poblanos podr\u00e1n emitir su voto.<\/p>\n\n\n\n<p>Adem\u00e1s, se\u00f1alaron que se instalaron los 16 consejos del Instituto Nacional Electoral, el cual se encargar\u00e1 de realizar el conteo de votos.<\/p>\n\n\n\n<p>Asimismo, Edgar Humberto Arias Alba le pidi\u00f3 a la ciudadan\u00eda denunciar si le piden vender su voto o le entregan acordeones a fin de apoyar a alg\u00fan candidato.<\/p>\n\n\n\n<p>Arias Alba advirti\u00f3 que la persona responsable de entregar este tipo de propaganda ser\u00e1 sancionado por las autoridades correspondientes.<br><br><br>Por otro lado, en la sesi\u00f3n de la junta local se revelo que en la entidad existen 5.4 millones de poblanos que podr\u00e1n votar en esta elecci\u00f3n judicial.<\/p>\n\n\n\n<p>Los consejeros detallaron que, de este total, hay ocho personas no binarias, 2.3 millones de hombres y 2.6 millones de mujeres que podr\u00e1n ejercer su voto.<\/p>\n\n\n\n<p>Este 1 de junio en todo el pa\u00eds se votar\u00e1 por primera vez para elegir a jueces, magistrados y ministros del Poder Judicial mediante voto popular.<\/p>\n","protected":false},"excerpt":{"rendered":"<p>nicia la elecci\u00f3n del Poder Judicial en la entidad poblana; al corte de las 08:00 horas se han instalado 223 casillas y no se registraron incidentes como el robo de urnas. Esto fue informado en la sesi\u00f3n de este domingo, donde el presidente de la junta local del Instituto Electoral del Estado (IEE), Edgar Humberto [&hellip;]<\/p>\n","protected":false},"author":4,"featured_media":63107,"comment_status":"open","ping_status":"open","sticky":false,"template":"","format":"standard","meta":{"om_disable_all_campaigns":false,"_monsterinsights_skip_tracking":false,"_monsterinsights_sitenote_active":false,"_monsterinsights_sitenote_note":"","_monsterinsights_sitenote_category":0,"footnotes":""},"categories":[175],"tags":[195,223],"class_list":["post-63106","post","type-post","status-publish","format-standard","has-post-thumbnail","hentry","category-local","tag-principal","tag-puebla"],"amp_enabled":true,"_links":{"self":[{"href":"https:\/\/lahora.mx\/index.php\/wp-json\/wp\/v2\/posts\/63106","targetHints":{"allow":["GET"]}}],"collection":[{"href":"https:\/\/lahora.mx\/index.php\/wp-json\/wp\/v2\/posts"}],"about":[{"href":"https:\/\/lahora.mx\/index.php\/wp-json\/wp\/v2\/types\/post"}],"author":[{"embeddable":true,"href":"https:\/\/lahora.mx\/index.php\/wp-json\/wp\/v2\/users\/4"}],"replies":[{"embeddable":true,"href":"https:\/\/lahora.mx\/index.php\/wp-json\/wp\/v2\/comments?post=63106"}],"version-history":[{"count":1,"href":"https:\/\/lahora.mx\/index.php\/wp-json\/wp\/v2\/posts\/63106\/revisions"}],"predecessor-version":[{"id":63108,"href":"https:\/\/lahora.mx\/index.php\/wp-json\/wp\/v2\/posts\/63106\/revisions\/63108"}],"wp:featuredmedia":[{"embeddable":true,"href":"https:\/\/lahora.mx\/index.php\/wp-json\/wp\/v2\/media\/63107"}],"wp:attachment":[{"href":"https:\/\/lahora.mx\/index.php\/wp-json\/wp\/v2\/media?parent=63106"}],"wp:term":[{"taxonomy":"category","embeddable":true,"href":"https:\/\/lahora.mx\/index.php\/wp-json\/wp\/v2\/categories?post=63106"},{"taxonomy":"post_tag","embeddable":true,"href":"https:\/\/lahora.mx\/index.php\/wp-json\/wp\/v2\/tags?post=63106"}],"curies":[{"name":"wp","href":"https:\/\/api.w.org\/{rel}","templated":true}]}}