{"id":63103,"date":"2025-06-01T16:42:06","date_gmt":"2025-06-01T16:42:06","guid":{"rendered":"https:\/\/lahora.mx\/?p=63103"},"modified":"2025-06-01T16:42:07","modified_gmt":"2025-06-01T16:42:07","slug":"cnte-pone-fin-a-paro-y-planton-en-el-zocalo-tras-17-dias-de-bloqueos","status":"publish","type":"post","link":"https:\/\/lahora.mx\/index.php\/2025\/06\/01\/cnte-pone-fin-a-paro-y-planton-en-el-zocalo-tras-17-dias-de-bloqueos\/","title":{"rendered":"CNTE pone fin a paro y plant\u00f3n en el Z\u00f3calo tras 17 d\u00edas de bloqueos"},"content":{"rendered":"\n<p>La Coordinadora Nacional de Trabajadores de la Educaci\u00f3n (CNTE) acord\u00f3 ayer concluir el paro y levantar el plant\u00f3n que manten\u00eda desde hace 17 d\u00edas en el Z\u00f3calo de la Ciudad de M\u00e9xico.<\/p>\n\n\n\n<p>En una asamblea realizada por la Secci\u00f3n 22 de la CNTE, con sede en Oaxaca, los maestros votaron en su mayor\u00eda a favor de concluir la protesta. El conteo arroj\u00f3 5 mil 555 votos a favor de levantar el paro, frente a 5 mil 298 que prefer\u00edan continuar, reflejando una diferencia de apenas 257 sufragios.<\/p>\n\n\n\n<p>El paro comenz\u00f3 el pasado 15 de mayo, y aunque ahora se detiene, los maestros se\u00f1alaron que el resultado ser\u00e1 presentado ante los delegados de la Asamblea Nacional Representativa, ah\u00ed se definir\u00e1n las pr\u00f3ximas acciones del movimiento magisterial.<\/p>\n\n\n\n<p>Entre las demandas de la CNTE destacan un aumento salarial de 100 por ciento, as\u00ed como la derogaci\u00f3n de la reforma educativa y la Ley del ISSSTE de 2007. Los maestros advierten que mantendr\u00e1n la presi\u00f3n para que sus exigencias sean atendidas por las autoridades federales.<\/p>\n\n\n\n<p>Plant\u00f3n de la CNTE contin\u00faa en el Z\u00f3calo de la Ciudad de M\u00e9xico<br>Durante las primeras horas de este domingo, la secci\u00f3n 22 de la CNTE continuaba con el plant\u00f3n instalado en la plancha del Z\u00f3calo de la Ciudad de M\u00e9xico.<\/p>\n\n\n\n<p>Trascendi\u00f3 que los maestros tienen previsto reunirse este 1 de junio a las 16:00 horas en una Asamblea Nacional Representativa en la que definir\u00e1 si levantan el paro de labores y el plant\u00f3n, o si mantienen sus acciones de protesta en la capital del pa\u00eds.<\/p>\n\n\n\n<p>Pese a la incertidumbre sobre la continuidad del movimiento, los maestros han reiterado que no realizar\u00e1n marchas, bloqueos ni protestas durante la jornada electoral del Poder Judicial.<\/p>\n","protected":false},"excerpt":{"rendered":"<p>La Coordinadora Nacional de Trabajadores de la Educaci\u00f3n (CNTE) acord\u00f3 ayer concluir el paro y levantar el plant\u00f3n que manten\u00eda desde hace 17 d\u00edas en el Z\u00f3calo de la Ciudad de M\u00e9xico. En una asamblea realizada por la Secci\u00f3n 22 de la CNTE, con sede en Oaxaca, los maestros votaron en su mayor\u00eda a favor [&hellip;]<\/p>\n","protected":false},"author":4,"featured_media":63104,"comment_status":"open","ping_status":"open","sticky":false,"template":"","format":"standard","meta":{"om_disable_all_campaigns":false,"_monsterinsights_skip_tracking":false,"_monsterinsights_sitenote_active":false,"_monsterinsights_sitenote_note":"","_monsterinsights_sitenote_category":0,"footnotes":""},"categories":[175,176],"tags":[195],"class_list":["post-63103","post","type-post","status-publish","format-standard","has-post-thumbnail","hentry","category-local","category-nacional","tag-principal"],"amp_enabled":true,"_links":{"self":[{"href":"https:\/\/lahora.mx\/index.php\/wp-json\/wp\/v2\/posts\/63103","targetHints":{"allow":["GET"]}}],"collection":[{"href":"https:\/\/lahora.mx\/index.php\/wp-json\/wp\/v2\/posts"}],"about":[{"href":"https:\/\/lahora.mx\/index.php\/wp-json\/wp\/v2\/types\/post"}],"author":[{"embeddable":true,"href":"https:\/\/lahora.mx\/index.php\/wp-json\/wp\/v2\/users\/4"}],"replies":[{"embeddable":true,"href":"https:\/\/lahora.mx\/index.php\/wp-json\/wp\/v2\/comments?post=63103"}],"version-history":[{"count":1,"href":"https:\/\/lahora.mx\/index.php\/wp-json\/wp\/v2\/posts\/63103\/revisions"}],"predecessor-version":[{"id":63105,"href":"https:\/\/lahora.mx\/index.php\/wp-json\/wp\/v2\/posts\/63103\/revisions\/63105"}],"wp:featuredmedia":[{"embeddable":true,"href":"https:\/\/lahora.mx\/index.php\/wp-json\/wp\/v2\/media\/63104"}],"wp:attachment":[{"href":"https:\/\/lahora.mx\/index.php\/wp-json\/wp\/v2\/media?parent=63103"}],"wp:term":[{"taxonomy":"category","embeddable":true,"href":"https:\/\/lahora.mx\/index.php\/wp-json\/wp\/v2\/categories?post=63103"},{"taxonomy":"post_tag","embeddable":true,"href":"https:\/\/lahora.mx\/index.php\/wp-json\/wp\/v2\/tags?post=63103"}],"curies":[{"name":"wp","href":"https:\/\/api.w.org\/{rel}","templated":true}]}}