{"id":63100,"date":"2025-06-01T16:32:07","date_gmt":"2025-06-01T16:32:07","guid":{"rendered":"https:\/\/lahora.mx\/?p=63100"},"modified":"2025-06-01T16:32:08","modified_gmt":"2025-06-01T16:32:08","slug":"hallan-cadaver-en-las-inmediaciones-de-san-sebastian-de-aparicio","status":"publish","type":"post","link":"https:\/\/lahora.mx\/index.php\/2025\/06\/01\/hallan-cadaver-en-las-inmediaciones-de-san-sebastian-de-aparicio\/","title":{"rendered":"Hallan cad\u00e1ver en las inmediaciones de San Sebasti\u00e1n de Aparicio"},"content":{"rendered":"\n<p>Restos humanos fueron localizados al interior de una maleta envuelta en bolsas de pl\u00e1stico y cinta adhesiva en un terreno bald\u00edo ubicado en la junta auxiliar de San Sebasti\u00e1n de Aparicio, en la ciudad de Puebla. El hallazgo ocurri\u00f3 la noche del s\u00e1bado 30 de mayo.<\/p>\n\n\n\n<p>Vecinos de la calle Manuel \u00c1vila Camacho reportaron la presencia del objeto a trav\u00e9s del n\u00famero de emergencias 911.<\/p>\n\n\n\n<p>La maleta se encontraba mojada a consecuencia de las lluvias registradas en la capital poblana, adem\u00e1s de estar envuelta en bolsas negras y cinta canela.<\/p>\n\n\n\n<p>Al lugar acudieron elementos de la Secretar\u00eda de Seguridad Ciudadana (SSC), quienes, al revisar el contenido, confirmaron que se trataba de un cuerpo desmembrado. La zona fue acordonada conforme al protocolo.<\/p>\n\n\n\n<p>Posteriormente, arribaron elementos de la Guardia Nacional y del Ej\u00e9rcito Mexicano, quienes implementaron un operativo de resguardo en espera de personal ministerial y peritos de la Fiscal\u00eda General del Estado (FGE) de Puebla.<\/p>\n\n\n\n<p>A las 21:46 horas, la SSC del municipio inform\u00f3 en su cuenta oficial de X:<\/p>\n\n\n\n<p>\u201cDerivado de los hechos ocurridos en San Sebasti\u00e1n de Aparicio, elementos de la Polic\u00eda de la Ciudad en coordinaci\u00f3n interinstitucional se encuentran en la zona atendiendo el reporte\u201d.<\/p>\n\n\n\n<p>Tras el arribo de agentes ministeriales, se efectu\u00f3 el levantamiento de los restos, los cuales fueron trasladados al Servicio M\u00e9dico Forense para la realizaci\u00f3n de pruebas gen\u00e9ticas que permitan determinar el sexo de la v\u00edctima.<\/p>\n\n\n\n<p>Hasta la edici\u00f3n de esta nota, la persona permanece en calidad de desconocida.<\/p>\n\n\n\n<p>La FGE y la SSP mantienen abiertas las investigaciones para esclarecer el hecho y ubicar a los responsables.<\/p>\n","protected":false},"excerpt":{"rendered":"<p>Restos humanos fueron localizados al interior de una maleta envuelta en bolsas de pl\u00e1stico y cinta adhesiva en un terreno bald\u00edo ubicado en la junta auxiliar de San Sebasti\u00e1n de Aparicio, en la ciudad de Puebla. El hallazgo ocurri\u00f3 la noche del s\u00e1bado 30 de mayo. Vecinos de la calle Manuel \u00c1vila Camacho reportaron la [&hellip;]<\/p>\n","protected":false},"author":4,"featured_media":63101,"comment_status":"open","ping_status":"open","sticky":false,"template":"","format":"standard","meta":{"om_disable_all_campaigns":false,"_monsterinsights_skip_tracking":false,"_monsterinsights_sitenote_active":false,"_monsterinsights_sitenote_note":"","_monsterinsights_sitenote_category":0,"footnotes":""},"categories":[175,226],"tags":[223],"class_list":["post-63100","post","type-post","status-publish","format-standard","has-post-thumbnail","hentry","category-local","category-policia","tag-puebla"],"amp_enabled":true,"_links":{"self":[{"href":"https:\/\/lahora.mx\/index.php\/wp-json\/wp\/v2\/posts\/63100","targetHints":{"allow":["GET"]}}],"collection":[{"href":"https:\/\/lahora.mx\/index.php\/wp-json\/wp\/v2\/posts"}],"about":[{"href":"https:\/\/lahora.mx\/index.php\/wp-json\/wp\/v2\/types\/post"}],"author":[{"embeddable":true,"href":"https:\/\/lahora.mx\/index.php\/wp-json\/wp\/v2\/users\/4"}],"replies":[{"embeddable":true,"href":"https:\/\/lahora.mx\/index.php\/wp-json\/wp\/v2\/comments?post=63100"}],"version-history":[{"count":1,"href":"https:\/\/lahora.mx\/index.php\/wp-json\/wp\/v2\/posts\/63100\/revisions"}],"predecessor-version":[{"id":63102,"href":"https:\/\/lahora.mx\/index.php\/wp-json\/wp\/v2\/posts\/63100\/revisions\/63102"}],"wp:featuredmedia":[{"embeddable":true,"href":"https:\/\/lahora.mx\/index.php\/wp-json\/wp\/v2\/media\/63101"}],"wp:attachment":[{"href":"https:\/\/lahora.mx\/index.php\/wp-json\/wp\/v2\/media?parent=63100"}],"wp:term":[{"taxonomy":"category","embeddable":true,"href":"https:\/\/lahora.mx\/index.php\/wp-json\/wp\/v2\/categories?post=63100"},{"taxonomy":"post_tag","embeddable":true,"href":"https:\/\/lahora.mx\/index.php\/wp-json\/wp\/v2\/tags?post=63100"}],"curies":[{"name":"wp","href":"https:\/\/api.w.org\/{rel}","templated":true}]}}