{"id":63097,"date":"2025-06-01T16:24:08","date_gmt":"2025-06-01T16:24:08","guid":{"rendered":"https:\/\/lahora.mx\/?p=63097"},"modified":"2025-06-01T16:24:08","modified_gmt":"2025-06-01T16:24:08","slug":"falta-mas-preparacion-para-enfrentar-pandemias-como-la-covid-mencionan-especialistas","status":"publish","type":"post","link":"https:\/\/lahora.mx\/index.php\/2025\/06\/01\/falta-mas-preparacion-para-enfrentar-pandemias-como-la-covid-mencionan-especialistas\/","title":{"rendered":"Falta m\u00e1s preparaci\u00f3n para enfrentar pandemias como la COVID mencionan especialistas"},"content":{"rendered":"\n<p>A pesar del aprendizaje que nos dej\u00f3 la pandemia de la COVID-19 y de los avances tecnol\u00f3gicos -como el desarrollo de vacunas-, no estamos plenamente preparados para enfrentar una emergencia sanitaria similar, pues persisten miedos y desigualdades que impactar\u00edan en factores como la incidencia, hospitalizaci\u00f3n y mortalidad.<\/p>\n\n\n\n<p>En lo anterior coincidieron las especialistas Ivette Buend\u00eda Rold\u00e1n, doctora en Ciencias M\u00e9dicas e investigadora del Instituto Nacional de Enfermedades Respiratorias \u201cIsmael Cos\u00edo Villegas\u201d; y Andrea Ter\u00e1n, integrante de la Comisi\u00f3n Nacional de Bio\u00e9tica, durante el Seminario Permanente de Bio\u00e9tica de la UNAM, en su sesi\u00f3n \u201cCOVID-19 \u00bfLecciones \u00faltimas?\u201d.<\/p>\n\n\n\n<p>Buend\u00eda Rold\u00e1n sostuvo: aunque parte de la poblaci\u00f3n utiliza m\u00e1s el cubrebocas, estornuda correctamente, usa gel y practica el lavado de manos constante, faltan m\u00e1s acciones. Por ejemplo, la vacunaci\u00f3n es un tema \u00e1lgido, pues los pacientes con COVID que requieren hospitalizaci\u00f3n generalmente decidieron no inmunizarse y carecen de protecci\u00f3n ante este virus.<\/p>\n\n\n\n<p>Por ello, la integrante del Sistema Nacional de Investigadoras e Investigadores nivel III llam\u00f3 a no temer a las vacunas porque evitan secuelas ante una enfermedad; se debe tener cuidado especial con las y los ni\u00f1os, al igual que con adultos mayores.<\/p>\n\n\n\n<p>Expuso que a\u00f1os atr\u00e1s el virus sincicial respiratorio no era una preocupaci\u00f3n entre los adultos, pero ahora s\u00ed. Record\u00f3 que esta poblaci\u00f3n debe tener al d\u00eda su cartilla de vacunaci\u00f3n, incluyendo inmunol\u00f3gicos contra la influenza y el neumococo, entre otros. \u201cVacunar es una manera de protegernos y proteger a quienes queremos\u201d.<\/p>\n\n\n\n<p>Comorbilidad estructural<\/p>\n\n\n\n<p>La especialista Andrea Ter\u00e1n explic\u00f3 que entre las lecciones que dej\u00f3 la COVID-19 est\u00e1n que la atenci\u00f3n individual y la salud p\u00fablica no pueden verse como \u00e1reas diferentes.<\/p>\n\n\n\n<p>Vimos, asever\u00f3, que las decisiones cl\u00ednicas impactaban a nivel poblacional. Por ejemplo, el uso de recursos cr\u00edticos, de cubrebocas, y que las determinaciones epidemiol\u00f3gicas como los aislamientos y el confinamiento, o las estrategias de muestreo, influ\u00edan en el curso cl\u00ednico.<\/p>\n\n\n\n<p>Resalt\u00f3 que la vigilancia epidemiol\u00f3gica tampoco puede descuidarse, pues la emergencia sanitaria evidenci\u00f3 el subregistro, desfase en la notificaci\u00f3n, por ejemplo. Adem\u00e1s de contar casos se requiere tener sistemas que detecten patrones, que alerten cambios y gu\u00eden a modificaciones de bajo riesgo.<\/p>\n\n\n\n<p>A decir de la experta, la desigualdad fue como una \u201ccomorbilidad estructural\u201d porque las personas que viv\u00edan en hacinamiento o ten\u00edan trabajos informales carecieron de posibilidades reales de confinamiento. Esa condici\u00f3n social \u201cse tradujo en tasas de incidencia, hospitalizaci\u00f3n y mortalidad distinta entre grupos socioecon\u00f3micos\u201d.<\/p>\n\n\n\n<p>La vacunaci\u00f3n, a\u00f1adi\u00f3, se constituy\u00f3 en un acto t\u00e9cnico y en un proceso pol\u00edtico y emocional debido a la infodemia que se gener\u00f3 y a narrativas antivacunas sofisticadas que se sumaron a los desaf\u00edos de lograr una cobertura equitativa, r\u00e1pida y sostenida, as\u00ed como mantener su almacenamiento en fr\u00edo, entre otros.<\/p>\n\n\n\n<p>Los sistemas de salud oscilaron entre lo heroico y lo insostenible por el desabasto de recursos, la reconversi\u00f3n de hospitales y la sobrecarga cr\u00f3nica del personal, por lo que se requiere sean m\u00e1s robustos, flexibles y con mayor inversi\u00f3n en su personal, protocolos y herramientas de investigaci\u00f3n, indic\u00f3 Andrea Ter\u00e1n.<\/p>\n\n\n\n<p>\u201cNo podemos esperar a la pr\u00f3xima emergencia para recordar la importancia de la salud p\u00fablica, de la inversi\u00f3n en ciencia ni la preparaci\u00f3n intersectorial. El COVID 19 nos ense\u00f1\u00f3 que los virus no solo se propagan por aerosoles, por got\u00edculas, tambi\u00e9n por las fisuras sociales, las decisiones tard\u00edas y la desinformaci\u00f3n. Los datos salvan vidas, pero si llegan a tiempo, si son confiables y se tornan en decisiones\u201d, concluy\u00f3.<\/p>\n","protected":false},"excerpt":{"rendered":"<p>A pesar del aprendizaje que nos dej\u00f3 la pandemia de la COVID-19 y de los avances tecnol\u00f3gicos -como el desarrollo de vacunas-, no estamos plenamente preparados para enfrentar una emergencia sanitaria similar, pues persisten miedos y desigualdades que impactar\u00edan en factores como la incidencia, hospitalizaci\u00f3n y mortalidad. En lo anterior coincidieron las especialistas Ivette Buend\u00eda [&hellip;]<\/p>\n","protected":false},"author":4,"featured_media":63098,"comment_status":"open","ping_status":"open","sticky":false,"template":"","format":"standard","meta":{"om_disable_all_campaigns":false,"_monsterinsights_skip_tracking":false,"_monsterinsights_sitenote_active":false,"_monsterinsights_sitenote_note":"","_monsterinsights_sitenote_category":0,"footnotes":""},"categories":[252],"tags":[223],"class_list":["post-63097","post","type-post","status-publish","format-standard","has-post-thumbnail","hentry","category-salud","tag-puebla"],"amp_enabled":true,"_links":{"self":[{"href":"https:\/\/lahora.mx\/index.php\/wp-json\/wp\/v2\/posts\/63097","targetHints":{"allow":["GET"]}}],"collection":[{"href":"https:\/\/lahora.mx\/index.php\/wp-json\/wp\/v2\/posts"}],"about":[{"href":"https:\/\/lahora.mx\/index.php\/wp-json\/wp\/v2\/types\/post"}],"author":[{"embeddable":true,"href":"https:\/\/lahora.mx\/index.php\/wp-json\/wp\/v2\/users\/4"}],"replies":[{"embeddable":true,"href":"https:\/\/lahora.mx\/index.php\/wp-json\/wp\/v2\/comments?post=63097"}],"version-history":[{"count":1,"href":"https:\/\/lahora.mx\/index.php\/wp-json\/wp\/v2\/posts\/63097\/revisions"}],"predecessor-version":[{"id":63099,"href":"https:\/\/lahora.mx\/index.php\/wp-json\/wp\/v2\/posts\/63097\/revisions\/63099"}],"wp:featuredmedia":[{"embeddable":true,"href":"https:\/\/lahora.mx\/index.php\/wp-json\/wp\/v2\/media\/63098"}],"wp:attachment":[{"href":"https:\/\/lahora.mx\/index.php\/wp-json\/wp\/v2\/media?parent=63097"}],"wp:term":[{"taxonomy":"category","embeddable":true,"href":"https:\/\/lahora.mx\/index.php\/wp-json\/wp\/v2\/categories?post=63097"},{"taxonomy":"post_tag","embeddable":true,"href":"https:\/\/lahora.mx\/index.php\/wp-json\/wp\/v2\/tags?post=63097"}],"curies":[{"name":"wp","href":"https:\/\/api.w.org\/{rel}","templated":true}]}}