{"id":63091,"date":"2025-06-01T16:10:47","date_gmt":"2025-06-01T16:10:47","guid":{"rendered":"https:\/\/lahora.mx\/?p=63091"},"modified":"2025-06-01T16:10:48","modified_gmt":"2025-06-01T16:10:48","slug":"este-domingo-vamos-a-democratizar-al-poder-judicial-salgan-a-votar-armenta","status":"publish","type":"post","link":"https:\/\/lahora.mx\/index.php\/2025\/06\/01\/este-domingo-vamos-a-democratizar-al-poder-judicial-salgan-a-votar-armenta\/","title":{"rendered":"Este domingo, vamos a democratizar al poder judicial, salgan a votar: Armenta"},"content":{"rendered":"\n<p>\u201cEste domingo ganar\u00e1 el pueblo de M\u00e9xico, porque vamos a democratizar al poder judicial. Salgan todos a votar, es una elecci\u00f3n in\u00e9dita\u201d, afirm\u00f3 el gobernador Alejandro Armenta, posterior a la Faena n\u00famero 22 que encabez\u00f3 al sur de la capital.<br><br>Desde el Centro Cultural La Carmela, el mandatario estatal exhort\u00f3 a las y los poblanos a acudir a las urnas y expresar su decisi\u00f3n en las 6 boletas que recibir\u00e1n por parte de los funcionarios electorales.<\/p>\n\n\n\n<p>\u201cPongan los n\u00fameros que quieran, investiguen qui\u00e9nes participan y salgan a votar\u201d.<\/p>\n\n\n\n<p>El gobernador Alejandro Armenta ha referido que la elecci\u00f3n del Poder Judicial es un logro de la democracia y que elegir a las y los integrantes del poder judicial es un privilegio del pueblo. \u201cAntes eran los legisladores y el presidente en turno quienes determinaban a los ministros de la SCJN, por primera vez el pueblo con su voto decide\u201d.<\/p>\n\n\n\n<p>Es importante destacar que la presidenta de M\u00e9xico, Claudia Sheinbaum, expres\u00f3 en sus redes sociales: \u00abPor primera vez, vamos a decidir entre todas y todos, el pueblo de M\u00e9xico, quienes queremos que sean las ministras y ministros de la SCJN, magistradas, magistrados, juezas, jueces, es decir, el pueblo de M\u00e9xico va a elegir el poder judicial.\u00bb<\/p>\n","protected":false},"excerpt":{"rendered":"<p>\u201cEste domingo ganar\u00e1 el pueblo de M\u00e9xico, porque vamos a democratizar al poder judicial. Salgan todos a votar, es una elecci\u00f3n in\u00e9dita\u201d, afirm\u00f3 el gobernador Alejandro Armenta, posterior a la Faena n\u00famero 22 que encabez\u00f3 al sur de la capital. Desde el Centro Cultural La Carmela, el mandatario estatal exhort\u00f3 a las y los poblanos [&hellip;]<\/p>\n","protected":false},"author":4,"featured_media":63092,"comment_status":"open","ping_status":"open","sticky":false,"template":"","format":"standard","meta":{"om_disable_all_campaigns":false,"_monsterinsights_skip_tracking":false,"_monsterinsights_sitenote_active":false,"_monsterinsights_sitenote_note":"","_monsterinsights_sitenote_category":0,"footnotes":""},"categories":[175],"tags":[239,223],"class_list":["post-63091","post","type-post","status-publish","format-standard","has-post-thumbnail","hentry","category-local","tag-gobierno","tag-puebla"],"amp_enabled":true,"_links":{"self":[{"href":"https:\/\/lahora.mx\/index.php\/wp-json\/wp\/v2\/posts\/63091","targetHints":{"allow":["GET"]}}],"collection":[{"href":"https:\/\/lahora.mx\/index.php\/wp-json\/wp\/v2\/posts"}],"about":[{"href":"https:\/\/lahora.mx\/index.php\/wp-json\/wp\/v2\/types\/post"}],"author":[{"embeddable":true,"href":"https:\/\/lahora.mx\/index.php\/wp-json\/wp\/v2\/users\/4"}],"replies":[{"embeddable":true,"href":"https:\/\/lahora.mx\/index.php\/wp-json\/wp\/v2\/comments?post=63091"}],"version-history":[{"count":1,"href":"https:\/\/lahora.mx\/index.php\/wp-json\/wp\/v2\/posts\/63091\/revisions"}],"predecessor-version":[{"id":63093,"href":"https:\/\/lahora.mx\/index.php\/wp-json\/wp\/v2\/posts\/63091\/revisions\/63093"}],"wp:featuredmedia":[{"embeddable":true,"href":"https:\/\/lahora.mx\/index.php\/wp-json\/wp\/v2\/media\/63092"}],"wp:attachment":[{"href":"https:\/\/lahora.mx\/index.php\/wp-json\/wp\/v2\/media?parent=63091"}],"wp:term":[{"taxonomy":"category","embeddable":true,"href":"https:\/\/lahora.mx\/index.php\/wp-json\/wp\/v2\/categories?post=63091"},{"taxonomy":"post_tag","embeddable":true,"href":"https:\/\/lahora.mx\/index.php\/wp-json\/wp\/v2\/tags?post=63091"}],"curies":[{"name":"wp","href":"https:\/\/api.w.org\/{rel}","templated":true}]}}