{"id":63081,"date":"2025-05-27T02:44:03","date_gmt":"2025-05-27T02:44:03","guid":{"rendered":"https:\/\/lahora.mx\/?p=63081"},"modified":"2025-05-31T02:45:55","modified_gmt":"2025-05-31T02:45:55","slug":"firman-alianza-la-buap-y-la-cdh-puebla","status":"publish","type":"post","link":"https:\/\/lahora.mx\/index.php\/2025\/05\/27\/firman-alianza-la-buap-y-la-cdh-puebla\/","title":{"rendered":"Firman alianza la BUAP y la CDH Puebla"},"content":{"rendered":"\n<p>En esta sociedad la convivencia no ser\u00eda posible sin el ejercicio de los derechos humanos y c\u00f3mo instituci\u00f3n, la BUAP tiene la responsabilidad de formar j\u00f3venes no s\u00f3lo en lo acad\u00e9mico, tambi\u00e9n en valores para que convivan en la sociedad, a partir del respeto al pr\u00f3jimo, destac\u00f3 la Rectora Lilia Cedillo Ram\u00edrez al signar el convenio de colaboraci\u00f3n con la Comisi\u00f3n de Derechos Humanos del Estado de Puebla.<\/p>\n\n\n\n<p>La Rectora agradeci\u00f3 la presencia de la titular de este organismo, la maestra Rosa Isela S\u00e1nchez Soya, a quien le ratific\u00f3 el inter\u00e9s que tiene la universidad por caminar juntos para lograr una cultura de paz: \u201cTenemos intereses en com\u00fan y sabemos de la gran responsabilidad que tenemos como universitarios. De ah\u00ed la importancia del acompa\u00f1amiento que nos otorgue la Comisi\u00f3n Derechos Humanos del Estado de Puebla\u201d.<\/p>\n\n\n\n<p>Por su parte, la maestra Rosa Isela S\u00e1nchez Soya celebr\u00f3 la firma de la colaboraci\u00f3n, as\u00ed como la apertura de la M\u00e1xima Casa de Estudios en Puebla para dar pasos firmes en acciones que contribuyan a fomentar una cultura de justicia.<\/p>\n\n\n\n<p>\u201cAgradezco a la Rectora por sumarse a esta causa que busca fortalecer valores fundamentales en favor de la sociedad. La BUAP juega un papel fundamental en la construcci\u00f3n de una sociedad m\u00e1s justa y con esto buscamos un entorno universitario respetuoso, inclusivo y libre de violencias\u201d.<\/p>\n\n\n\n<p>Al informar sobre los pormenores de esta colaboraci\u00f3n, el maestro Omar Gerardo Aguirre Ibarra, Defensor de los Derechos Universitarios de la BUAP, destac\u00f3 que su finalidad es promover, proteger y difundir los derechos humanos mediante acciones conjuntas, que incluir\u00e1n programas de formaci\u00f3n, investigaci\u00f3n, asesor\u00eda t\u00e9cnica y vinculaci\u00f3n con diversos sectores de la sociedad.<\/p>\n\n\n\n<p>Entre las actividades consideradas destacan la organizaci\u00f3n de conferencias, seminarios, cursos sobre migraci\u00f3n, medio ambiente, derechos de la mujer y la familia, personas privadas de la libertad, igualdad de g\u00e9nero, ni\u00f1ez, juventud y personas en situaci\u00f3n de vulnerabilidad; adem\u00e1s de la ejecuci\u00f3n conjunta de proyectos de cooperaci\u00f3n y acompa\u00f1amiento para fomentar una cultura de paz y justicia social.<\/p>\n\n\n\n<p><\/p>\n","protected":false},"excerpt":{"rendered":"<p>En esta sociedad la convivencia no ser\u00eda posible sin el ejercicio de los derechos humanos y c\u00f3mo instituci\u00f3n, la BUAP tiene la responsabilidad de formar j\u00f3venes no s\u00f3lo en lo acad\u00e9mico, tambi\u00e9n en valores para que convivan en la sociedad, a partir del respeto al pr\u00f3jimo, destac\u00f3 la Rectora Lilia Cedillo Ram\u00edrez al signar el [&hellip;]<\/p>\n","protected":false},"author":4,"featured_media":63082,"comment_status":"open","ping_status":"open","sticky":false,"template":"","format":"standard","meta":{"om_disable_all_campaigns":false,"_monsterinsights_skip_tracking":false,"_monsterinsights_sitenote_active":false,"_monsterinsights_sitenote_note":"","_monsterinsights_sitenote_category":0,"footnotes":""},"categories":[175],"tags":[186,223],"class_list":["post-63081","post","type-post","status-publish","format-standard","has-post-thumbnail","hentry","category-local","tag-buap","tag-puebla"],"amp_enabled":true,"_links":{"self":[{"href":"https:\/\/lahora.mx\/index.php\/wp-json\/wp\/v2\/posts\/63081","targetHints":{"allow":["GET"]}}],"collection":[{"href":"https:\/\/lahora.mx\/index.php\/wp-json\/wp\/v2\/posts"}],"about":[{"href":"https:\/\/lahora.mx\/index.php\/wp-json\/wp\/v2\/types\/post"}],"author":[{"embeddable":true,"href":"https:\/\/lahora.mx\/index.php\/wp-json\/wp\/v2\/users\/4"}],"replies":[{"embeddable":true,"href":"https:\/\/lahora.mx\/index.php\/wp-json\/wp\/v2\/comments?post=63081"}],"version-history":[{"count":1,"href":"https:\/\/lahora.mx\/index.php\/wp-json\/wp\/v2\/posts\/63081\/revisions"}],"predecessor-version":[{"id":63083,"href":"https:\/\/lahora.mx\/index.php\/wp-json\/wp\/v2\/posts\/63081\/revisions\/63083"}],"wp:featuredmedia":[{"embeddable":true,"href":"https:\/\/lahora.mx\/index.php\/wp-json\/wp\/v2\/media\/63082"}],"wp:attachment":[{"href":"https:\/\/lahora.mx\/index.php\/wp-json\/wp\/v2\/media?parent=63081"}],"wp:term":[{"taxonomy":"category","embeddable":true,"href":"https:\/\/lahora.mx\/index.php\/wp-json\/wp\/v2\/categories?post=63081"},{"taxonomy":"post_tag","embeddable":true,"href":"https:\/\/lahora.mx\/index.php\/wp-json\/wp\/v2\/tags?post=63081"}],"curies":[{"name":"wp","href":"https:\/\/api.w.org\/{rel}","templated":true}]}}