{"id":63062,"date":"2025-05-20T02:35:08","date_gmt":"2025-05-20T02:35:08","guid":{"rendered":"https:\/\/lahora.mx\/?p=63062"},"modified":"2025-05-31T02:36:09","modified_gmt":"2025-05-31T02:36:09","slug":"rectora-lilia-cedillo-inaugura-conferencia-regional-comunicacion-politica-en-america-latina","status":"publish","type":"post","link":"https:\/\/lahora.mx\/index.php\/2025\/05\/20\/rectora-lilia-cedillo-inaugura-conferencia-regional-comunicacion-politica-en-america-latina\/","title":{"rendered":"Rectora Lilia Cedillo inaugura Conferencia Regional Comunicaci\u00f3n Pol\u00edtica en Am\u00e9rica Latina"},"content":{"rendered":"\n<p>Para intercambiar puntos de vista, fortalecer redes acad\u00e9micas y conocer las tendencias en comunicaci\u00f3n pol\u00edtica, el Instituto de Ciencias de Gobierno y Desarrollo Estrat\u00e9gico (ICGDE) de la BUAP es sede de la Conferencia Regional Comunicaci\u00f3n Pol\u00edtica en Am\u00e9rica Latina: populismo, dilemas democr\u00e1ticos y tecnolog\u00edas de desintermediaci\u00f3n.<\/p>\n\n\n\n<p>En su apertura, la Rectora Mar\u00eda Lilia Cedillo Ram\u00edrez reconoci\u00f3 la importancia de establecer lazos de colaboraci\u00f3n para conocer c\u00f3mo se lleva a cabo la comunicaci\u00f3n en pa\u00edses latinoamericanos. \u201cEn esta \u00e9poca existe una marea de desinformaci\u00f3n y, generalmente, uno carece de elementos para diferenciar la veracidad de los hechos, por lo que f\u00e1cilmente se deja influenciar por comentarios e informaci\u00f3n de las redes sociales\u201d.<\/p>\n\n\n\n<p>Eso provoca, dijo, que pa\u00edses enteros se vean inmersos en una serie de ideas err\u00f3neas derivadas de la desinformaci\u00f3n. \u201cPor eso es importante que este tipo de congresos tengan el objetivo de intercambiar puntos de vista y formar redes de investigaci\u00f3n con relaci\u00f3n a este tema\u201d.<\/p>\n\n\n\n<p>El director del ICGDE, Jorge Luis Castillo Dur\u00e1n, y el presidente de la Asociaci\u00f3n Internacional de Estudios de Comunicaci\u00f3n Social (IAMCR, por sus siglas en ingl\u00e9s), Daya Thussu, reconocieron la relevancia de la comunicaci\u00f3n pol\u00edtica, porque transforma a las naciones. Asimismo, destacaron que esta actividad acad\u00e9mica permitir\u00e1 a los profesionales del \u00e1rea consolidar sus conocimientos, generar proyectos de investigaci\u00f3n y establecer colaboraciones.<\/p>\n\n\n\n<p>El presidente de la Conferencia Regional, Mart\u00edn Echeverr\u00eda Victoria, inform\u00f3 que en el evento participan 100 investigadores de 15 pa\u00edses -entre \u00e9stos 11 latinoamericanos-, como Estados Unidos, China, Turqu\u00eda y Suecia, quienes del 20 al 22 de mayo analizar\u00e1n el papel de la comunicaci\u00f3n y los temas que preocupan al gremio en torno a la veracidad de la informaci\u00f3n, la democracia y el uso de la inteligencia artificial.<\/p>\n\n\n\n<p>Investigadores y estudiantes compartir\u00e1n sus an\u00e1lisis sobre el populismo, la prensa y el poder, las campa\u00f1as electorales, la desinformaci\u00f3n, la polarizaci\u00f3n, la inteligencia artificial, la desintermediaci\u00f3n tecnol\u00f3gica y la comunicaci\u00f3n global, entre otros temas.<\/p>\n\n\n\n<p>Se realizar\u00e1n cuatro conferencias magistrales a cargo de los doctores Daniel Hallin, profesor de la Universidad de California, en San Diego, Estados Unidos; Natalia Aruguete, investigadora y periodista argentina; Silvio Waisbord, presidente de la&nbsp;<em>International Comunication Asociation<\/em>; y Amparo Marroqu\u00edn, investigadora de la Universidad Centroamericana Jos\u00e9 Sime\u00f3n Ca\u00f1as, en El Salvador. Tambi\u00e9n se efectuar\u00e1n 20 mesas de trabajo.<\/p>\n\n\n\n<p><\/p>\n","protected":false},"excerpt":{"rendered":"<p>Para intercambiar puntos de vista, fortalecer redes acad\u00e9micas y conocer las tendencias en comunicaci\u00f3n pol\u00edtica, el Instituto de Ciencias de Gobierno y Desarrollo Estrat\u00e9gico (ICGDE) de la BUAP es sede de la Conferencia Regional Comunicaci\u00f3n Pol\u00edtica en Am\u00e9rica Latina: populismo, dilemas democr\u00e1ticos y tecnolog\u00edas de desintermediaci\u00f3n. En su apertura, la Rectora Mar\u00eda Lilia Cedillo Ram\u00edrez [&hellip;]<\/p>\n","protected":false},"author":4,"featured_media":63063,"comment_status":"open","ping_status":"open","sticky":false,"template":"","format":"standard","meta":{"om_disable_all_campaigns":false,"_monsterinsights_skip_tracking":false,"_monsterinsights_sitenote_active":false,"_monsterinsights_sitenote_note":"","_monsterinsights_sitenote_category":0,"footnotes":""},"categories":[175],"tags":[186,223],"class_list":["post-63062","post","type-post","status-publish","format-standard","has-post-thumbnail","hentry","category-local","tag-buap","tag-puebla"],"amp_enabled":true,"_links":{"self":[{"href":"https:\/\/lahora.mx\/index.php\/wp-json\/wp\/v2\/posts\/63062","targetHints":{"allow":["GET"]}}],"collection":[{"href":"https:\/\/lahora.mx\/index.php\/wp-json\/wp\/v2\/posts"}],"about":[{"href":"https:\/\/lahora.mx\/index.php\/wp-json\/wp\/v2\/types\/post"}],"author":[{"embeddable":true,"href":"https:\/\/lahora.mx\/index.php\/wp-json\/wp\/v2\/users\/4"}],"replies":[{"embeddable":true,"href":"https:\/\/lahora.mx\/index.php\/wp-json\/wp\/v2\/comments?post=63062"}],"version-history":[{"count":1,"href":"https:\/\/lahora.mx\/index.php\/wp-json\/wp\/v2\/posts\/63062\/revisions"}],"predecessor-version":[{"id":63065,"href":"https:\/\/lahora.mx\/index.php\/wp-json\/wp\/v2\/posts\/63062\/revisions\/63065"}],"wp:featuredmedia":[{"embeddable":true,"href":"https:\/\/lahora.mx\/index.php\/wp-json\/wp\/v2\/media\/63063"}],"wp:attachment":[{"href":"https:\/\/lahora.mx\/index.php\/wp-json\/wp\/v2\/media?parent=63062"}],"wp:term":[{"taxonomy":"category","embeddable":true,"href":"https:\/\/lahora.mx\/index.php\/wp-json\/wp\/v2\/categories?post=63062"},{"taxonomy":"post_tag","embeddable":true,"href":"https:\/\/lahora.mx\/index.php\/wp-json\/wp\/v2\/tags?post=63062"}],"curies":[{"name":"wp","href":"https:\/\/api.w.org\/{rel}","templated":true}]}}