{"id":63057,"date":"2025-05-14T02:30:14","date_gmt":"2025-05-14T02:30:14","guid":{"rendered":"https:\/\/lahora.mx\/?p=63057"},"modified":"2025-05-31T02:31:36","modified_gmt":"2025-05-31T02:31:36","slug":"la-universidad-autonoma-de-puebla-buap-se-suma-a-la-jornada-nacional-de-tequios-por-la-paz-y-contra-las-adicciones","status":"publish","type":"post","link":"https:\/\/lahora.mx\/index.php\/2025\/05\/14\/la-universidad-autonoma-de-puebla-buap-se-suma-a-la-jornada-nacional-de-tequios-por-la-paz-y-contra-las-adicciones\/","title":{"rendered":"La universidad aut\u00f3noma de Puebla BUAP se suma a la Jornada Nacional de Tequios por la Paz y contra las Adicciones"},"content":{"rendered":"\n<p>Con acciones de limpieza y rehabilitaci\u00f3n en todos los espacios universitarios, incluidos los complejos regionales, que transforman el entorno y generan convivencia entre los j\u00f3venes, la BUAP se suma a la Jornada Nacional de Tequios por la Paz y contra las Adicciones, un servicio comunitario para la recuperaci\u00f3n de espacios impulsado por el gobierno federal.<\/p>\n\n\n\n<p>En el arranque de esta faena, la Rectora Lilia Cedillo Ram\u00edrez destac\u00f3 la relevancia de construir una cultura de paz en la comunidad universitaria. \u201cDebemos reconocer y ser conscientes de las diferencias del pr\u00f3jimo, incluso de las nuestras. Todos merecemos respeto y ser incluidos, eso significa la cultura de paz: reconocernos, aceptarnos e incluirnos\u201d.<\/p>\n\n\n\n<p>El titular de la Defensor\u00eda de los Derechos Universitarios, Omar Aguirre Ibarra, detall\u00f3 que la jornada se conforma por una faena de limpieza de espacios universitarios y la realizaci\u00f3n de actividades deportivas, culturales y acad\u00e9micas, como torneos de ping-pong y futbolito de mesa, conciertos y pl\u00e1ticas sobre la prevenci\u00f3n de adicciones y la salud mental.<\/p>\n\n\n\n<p>\u201cLa propia palabra \u2018tequios\u2019 se asocia con la intervenci\u00f3n social, la cual nos permite mantenernos como comunidad, construyendo armon\u00eda y cordialidad. En todo el pa\u00eds se realizan de manera simult\u00e1nea acciones que transforman y generan convivencia. En nuestro caso, la BUAP da fe de su compromiso institucional por la conformaci\u00f3n de una cultura de paz\u201d, agreg\u00f3.<\/p>\n","protected":false},"excerpt":{"rendered":"<p>Con acciones de limpieza y rehabilitaci\u00f3n en todos los espacios universitarios, incluidos los complejos regionales, que transforman el entorno y generan convivencia entre los j\u00f3venes, la BUAP se suma a la Jornada Nacional de Tequios por la Paz y contra las Adicciones, un servicio comunitario para la recuperaci\u00f3n de espacios impulsado por el gobierno federal. [&hellip;]<\/p>\n","protected":false},"author":4,"featured_media":63058,"comment_status":"open","ping_status":"open","sticky":false,"template":"","format":"standard","meta":{"om_disable_all_campaigns":false,"_monsterinsights_skip_tracking":false,"_monsterinsights_sitenote_active":false,"_monsterinsights_sitenote_note":"","_monsterinsights_sitenote_category":0,"footnotes":""},"categories":[175],"tags":[186,223],"class_list":["post-63057","post","type-post","status-publish","format-standard","has-post-thumbnail","hentry","category-local","tag-buap","tag-puebla"],"amp_enabled":true,"_links":{"self":[{"href":"https:\/\/lahora.mx\/index.php\/wp-json\/wp\/v2\/posts\/63057","targetHints":{"allow":["GET"]}}],"collection":[{"href":"https:\/\/lahora.mx\/index.php\/wp-json\/wp\/v2\/posts"}],"about":[{"href":"https:\/\/lahora.mx\/index.php\/wp-json\/wp\/v2\/types\/post"}],"author":[{"embeddable":true,"href":"https:\/\/lahora.mx\/index.php\/wp-json\/wp\/v2\/users\/4"}],"replies":[{"embeddable":true,"href":"https:\/\/lahora.mx\/index.php\/wp-json\/wp\/v2\/comments?post=63057"}],"version-history":[{"count":1,"href":"https:\/\/lahora.mx\/index.php\/wp-json\/wp\/v2\/posts\/63057\/revisions"}],"predecessor-version":[{"id":63059,"href":"https:\/\/lahora.mx\/index.php\/wp-json\/wp\/v2\/posts\/63057\/revisions\/63059"}],"wp:featuredmedia":[{"embeddable":true,"href":"https:\/\/lahora.mx\/index.php\/wp-json\/wp\/v2\/media\/63058"}],"wp:attachment":[{"href":"https:\/\/lahora.mx\/index.php\/wp-json\/wp\/v2\/media?parent=63057"}],"wp:term":[{"taxonomy":"category","embeddable":true,"href":"https:\/\/lahora.mx\/index.php\/wp-json\/wp\/v2\/categories?post=63057"},{"taxonomy":"post_tag","embeddable":true,"href":"https:\/\/lahora.mx\/index.php\/wp-json\/wp\/v2\/tags?post=63057"}],"curies":[{"name":"wp","href":"https:\/\/api.w.org\/{rel}","templated":true}]}}