{"id":63043,"date":"2025-05-29T02:04:55","date_gmt":"2025-05-29T02:04:55","guid":{"rendered":"https:\/\/lahora.mx\/?p=63043"},"modified":"2025-05-31T02:06:47","modified_gmt":"2025-05-31T02:06:47","slug":"roberto-solis-encabeza-faena-comunitaria-en-colonia-santa-elena-de-huejotzingo","status":"publish","type":"post","link":"https:\/\/lahora.mx\/index.php\/2025\/05\/29\/roberto-solis-encabeza-faena-comunitaria-en-colonia-santa-elena-de-huejotzingo\/","title":{"rendered":"Roberto Sol\u00eds encabeza Faena Comunitaria en colonia Santa Elena de Huejotzingo"},"content":{"rendered":"\n<p>El Presidente Municipal de Huejotzingo, Roberto Sol\u00eds Valles, lider\u00f3 una mega faena comunitaria en la Colonia Santa Elena, en la Cabecera Municipal.<br>Lo anterior con el compromiso de mejorar la imagen urbana del Pueblo M\u00e1gico.<\/p>\n\n\n\n<p>Adem\u00e1s de que estas acciones est\u00e1n en sinton\u00eda con las pol\u00edticas p\u00fablicas del Gobernador del Estado, Alejandro Armenta Mier,<\/p>\n\n\n\n<p>Acompa\u00f1ado de vecinas y vecinos, as\u00ed como del personal del Gobierno Municipal, se realizaron labores de poda de \u00e1reas verdes, pintura de topes y pasos peatonales, as\u00ed como la renovaci\u00f3n del alumbrado p\u00fablico.<\/p>\n\n\n\n<p>Gracias a estas mega faenas impulsadas por el edil Roberto Sol\u00eds, las colonias y fraccionamientos de Huejotzingo lucen una imagen renovada, destacando la colaboraci\u00f3n entre ciudadan\u00eda y gobierno.<\/p>\n\n\n\n<p>Estas acciones continuar\u00e1n extendi\u00e9ndose a todos los rincones del Municipio, incluyendo las Juntas Auxiliares en las pr\u00f3ximas semanas.<\/p>\n","protected":false},"excerpt":{"rendered":"<p>El Presidente Municipal de Huejotzingo, Roberto Sol\u00eds Valles, lider\u00f3 una mega faena comunitaria en la Colonia Santa Elena, en la Cabecera Municipal.Lo anterior con el compromiso de mejorar la imagen urbana del Pueblo M\u00e1gico. Adem\u00e1s de que estas acciones est\u00e1n en sinton\u00eda con las pol\u00edticas p\u00fablicas del Gobernador del Estado, Alejandro Armenta Mier, Acompa\u00f1ado de [&hellip;]<\/p>\n","protected":false},"author":4,"featured_media":63044,"comment_status":"open","ping_status":"open","sticky":false,"template":"","format":"standard","meta":{"om_disable_all_campaigns":false,"_monsterinsights_skip_tracking":false,"_monsterinsights_sitenote_active":false,"_monsterinsights_sitenote_note":"","_monsterinsights_sitenote_category":0,"footnotes":""},"categories":[175],"tags":[223],"class_list":["post-63043","post","type-post","status-publish","format-standard","has-post-thumbnail","hentry","category-local","tag-puebla"],"amp_enabled":true,"_links":{"self":[{"href":"https:\/\/lahora.mx\/index.php\/wp-json\/wp\/v2\/posts\/63043","targetHints":{"allow":["GET"]}}],"collection":[{"href":"https:\/\/lahora.mx\/index.php\/wp-json\/wp\/v2\/posts"}],"about":[{"href":"https:\/\/lahora.mx\/index.php\/wp-json\/wp\/v2\/types\/post"}],"author":[{"embeddable":true,"href":"https:\/\/lahora.mx\/index.php\/wp-json\/wp\/v2\/users\/4"}],"replies":[{"embeddable":true,"href":"https:\/\/lahora.mx\/index.php\/wp-json\/wp\/v2\/comments?post=63043"}],"version-history":[{"count":1,"href":"https:\/\/lahora.mx\/index.php\/wp-json\/wp\/v2\/posts\/63043\/revisions"}],"predecessor-version":[{"id":63045,"href":"https:\/\/lahora.mx\/index.php\/wp-json\/wp\/v2\/posts\/63043\/revisions\/63045"}],"wp:featuredmedia":[{"embeddable":true,"href":"https:\/\/lahora.mx\/index.php\/wp-json\/wp\/v2\/media\/63044"}],"wp:attachment":[{"href":"https:\/\/lahora.mx\/index.php\/wp-json\/wp\/v2\/media?parent=63043"}],"wp:term":[{"taxonomy":"category","embeddable":true,"href":"https:\/\/lahora.mx\/index.php\/wp-json\/wp\/v2\/categories?post=63043"},{"taxonomy":"post_tag","embeddable":true,"href":"https:\/\/lahora.mx\/index.php\/wp-json\/wp\/v2\/tags?post=63043"}],"curies":[{"name":"wp","href":"https:\/\/api.w.org\/{rel}","templated":true}]}}