{"id":63012,"date":"2025-05-30T18:04:47","date_gmt":"2025-05-30T18:04:47","guid":{"rendered":"https:\/\/lahora.mx\/?p=63012"},"modified":"2025-05-30T18:04:48","modified_gmt":"2025-05-30T18:04:48","slug":"sin-fecha-para-concretar-aumento-salarial-a-la-policia-auxiliar","status":"publish","type":"post","link":"https:\/\/lahora.mx\/index.php\/2025\/05\/30\/sin-fecha-para-concretar-aumento-salarial-a-la-policia-auxiliar\/","title":{"rendered":"Sin fecha para concretar aumento salarial a la Polic\u00eda Auxiliar"},"content":{"rendered":"\n<p>Tras casi tres meses desde que el gobernador Alejandro Armenta anunci\u00f3 que los elementos de la Polic\u00eda Auxiliar recibir\u00edan un aumento salarial de 15 por ciento, hasta el momento la dependencia no tiene claridad de cu\u00e1ndo se concretar\u00e1.<\/p>\n\n\n\n<p>As\u00ed fue confirmado por representantes de la Secretar\u00eda de Seguridad P\u00fablica (SSP) estatal, quienes fueron cuestionados al respecto por e-consulta ante la frustraci\u00f3n de algunos elementos que est\u00e1n inconformes con la situaci\u00f3n.<\/p>\n\n\n\n<p>Se trata de una promesa hecha por el mandatario estatal durante el acto conmemorativo por los 22 a\u00f1os de este cuerpo policial en Los Fuertes, donde tras destacar \u00abla necesidad de fortalecer las capacidades t\u00e9cnicas, materiales, presupuestales de los elementos de seguridad\u00bb, realiz\u00f3 una serie de compromisos.<\/p>\n\n\n\n<p>\u00abLe he pedido a C\u00e9sar Castellano, titular, que haga un esfuerzo presupuestal para que el incremento no sea del 10 por ciento en su sueldo, sino del 15 por ciento de su sueldo a los trabajadores de la seguridad\u00bb, inform\u00f3 el gobernador en un anuncio que gener\u00f3 gran emoci\u00f3n entre los presentes, quienes respondieron con una aplausos.<\/p>\n\n\n\n<p>Asimismo, Alejandro Armenta declar\u00f3 que los polic\u00edas tendr\u00edan pleno acceso a los programas sociales de vivienda, salud y proyectos productivos que ofrece el estado, para lo cual habr\u00eda coordinaci\u00f3n entre todas las \u00e1reas.<\/p>\n\n\n\n<p>M\u00e1s adelante, el mandatario estatal asever\u00f3 que \u00aben lo personal, voy a estar muy pendiente, de que estas instrucciones que he dado se materialicen en este primer a\u00f1o de gobierno\u00bb, por lo cual qued\u00f3 el compromiso de su parte de que el aumento salarial para los elementos de la Polic\u00eda Auxiliar ocurra en el transcurso de este a\u00f1o.<\/p>\n\n\n\n<p>No obstante, algunos elementos de esta corporaci\u00f3n se comunicaron con e-consulta para expresar su frustraci\u00f3n e incertidumbre por la falta de certeza sobre cu\u00e1ndo se llevar\u00e1 a cabo el aumento salarial ofrecido por el gobernador.<\/p>\n\n\n\n<p>Se\u00f1alaron que el sueldo base que se ofrece a los integrantes de la Polic\u00eda Auxiliar, que es de 10 mil 284.90 pesos, sumado a otros beneficios como la prima dominical y bonos por el D\u00eda de la Madre y del Padre, es insuficiente para satisfacer las necesidades b\u00e1sicas de sus familias.<\/p>\n\n\n\n<p>Por ello, con el ajuste anunciado por el gobernador Alejandro Armenta, su sueldo se ver\u00eda incrementado a 11 mil 827.64 pesos, lo cual, a juicio de los elementos consultados, representar\u00eda un gran beneficio para sus familias.<\/p>\n\n\n\n<p>Los denunciantes expresaron su insatisfacci\u00f3n con la deficiencia en la atenci\u00f3n de salud que se les brinda, ya que no est\u00e1n afiliados ni al IMSS ni al ISSSTEP, puesto que la Polic\u00eda Auxiliar cuenta con su propio servicio m\u00e9dico.<\/p>\n\n\n\n<p>Sin certeza de cu\u00e1ndo llegar\u00e1 el aumento salarial a la Polic\u00eda Auxiliar<br>En respuesta, voceros de la corporaci\u00f3n confirmaron que hasta el momento no hay una certeza de cu\u00e1ndo podr\u00eda concretarse el aumento salarial, ya que para esto debe reunirse su junta de gobierno y que as\u00ed se pueda autorizar el ajuste presupuestal requerido.<\/p>\n\n\n\n<p>Asimismo, enfatizaron que el compromiso del gobernador no fue realizar el aumento de manera inmediata, sino en el transcurso de este a\u00f1o, por lo cual a\u00fan est\u00e1n en tiempo y forma para otorgar el beneficio.<\/p>\n\n\n\n<p>De manera extraoficial, trascendi\u00f3 que la reuni\u00f3n de la junta de gobierno de la Polic\u00eda Auxiliar podr\u00eda realizarse a mediados del mes de junio, pero no hay claridad al respecto.<\/p>\n\n\n\n<p>Por otro lado, la corporaci\u00f3n se\u00f1al\u00f3 que est\u00e1n intentando cumplir con todos los compromisos que hizo el gobernador con los elementos, particularmente en el acceso a los programas sociales.<\/p>\n\n\n\n<p>A\u00f1adieron que ya hubo una convocatoria interna para que aquellos integrantes que estuvieran interesados en adquirir una vivienda mediante el programa que impulsa el gobernador pudieran inscribirse.<\/p>\n\n\n\n<p>\u00bfQu\u00e9 hace la Polic\u00eda Auxiliar?<br>De acuerdo con su portal web, la Corporaci\u00f3n Auxiliar de Polic\u00eda de Protecci\u00f3n Ciudadana es un Organismo P\u00fablico Descentralizado que brinda seguridad contratada por la sociedad y sectores productivos, contando con alrededor de 3 mil guardias policiales que brindan cobertura en todo el estado.<\/p>\n\n\n\n<p>Pueden desempe\u00f1ar sus labores en instalaciones tan diversas como los Hospitales Generales del Norte y del Sur, o bien, en el supermercado Costco y la plaza Angel\u00f3polis.<\/p>\n\n\n\n<p>De manera organizativa, la Polic\u00eda Auxiliar se encuentra dividida en dos subdirecciones operativas, una para la zona metropolitana de Puebla y otra para los municipios for\u00e1neos.<\/p>\n\n\n\n<p>En el caso de la subdirecci\u00f3n del \u00e1rea conurbada de Puebla, esta cuenta con 11 sectores y abarca a alrededor de mil 600 elementos, mientras que la for\u00e1nea incluye a m\u00e1s de mil 300 elementos distribuidos en nueve delegaciones en los municipios de Huauchinango, Zacatl\u00e1n, Teziutl\u00e1n, Atlixco, Oriental, San Mart\u00edn Texmelucan, Tepeaca, Tehuac\u00e1n e Iz\u00facar de Matamoros.<\/p>\n","protected":false},"excerpt":{"rendered":"<p>Tras casi tres meses desde que el gobernador Alejandro Armenta anunci\u00f3 que los elementos de la Polic\u00eda Auxiliar recibir\u00edan un aumento salarial de 15 por ciento, hasta el momento la dependencia no tiene claridad de cu\u00e1ndo se concretar\u00e1. As\u00ed fue confirmado por representantes de la Secretar\u00eda de Seguridad P\u00fablica (SSP) estatal, quienes fueron cuestionados al [&hellip;]<\/p>\n","protected":false},"author":4,"featured_media":63014,"comment_status":"open","ping_status":"open","sticky":false,"template":"","format":"standard","meta":{"om_disable_all_campaigns":false,"_monsterinsights_skip_tracking":false,"_monsterinsights_sitenote_active":false,"_monsterinsights_sitenote_note":"","_monsterinsights_sitenote_category":0,"footnotes":""},"categories":[175],"tags":[223],"class_list":["post-63012","post","type-post","status-publish","format-standard","has-post-thumbnail","hentry","category-local","tag-puebla"],"amp_enabled":true,"_links":{"self":[{"href":"https:\/\/lahora.mx\/index.php\/wp-json\/wp\/v2\/posts\/63012","targetHints":{"allow":["GET"]}}],"collection":[{"href":"https:\/\/lahora.mx\/index.php\/wp-json\/wp\/v2\/posts"}],"about":[{"href":"https:\/\/lahora.mx\/index.php\/wp-json\/wp\/v2\/types\/post"}],"author":[{"embeddable":true,"href":"https:\/\/lahora.mx\/index.php\/wp-json\/wp\/v2\/users\/4"}],"replies":[{"embeddable":true,"href":"https:\/\/lahora.mx\/index.php\/wp-json\/wp\/v2\/comments?post=63012"}],"version-history":[{"count":1,"href":"https:\/\/lahora.mx\/index.php\/wp-json\/wp\/v2\/posts\/63012\/revisions"}],"predecessor-version":[{"id":63015,"href":"https:\/\/lahora.mx\/index.php\/wp-json\/wp\/v2\/posts\/63012\/revisions\/63015"}],"wp:featuredmedia":[{"embeddable":true,"href":"https:\/\/lahora.mx\/index.php\/wp-json\/wp\/v2\/media\/63014"}],"wp:attachment":[{"href":"https:\/\/lahora.mx\/index.php\/wp-json\/wp\/v2\/media?parent=63012"}],"wp:term":[{"taxonomy":"category","embeddable":true,"href":"https:\/\/lahora.mx\/index.php\/wp-json\/wp\/v2\/categories?post=63012"},{"taxonomy":"post_tag","embeddable":true,"href":"https:\/\/lahora.mx\/index.php\/wp-json\/wp\/v2\/tags?post=63012"}],"curies":[{"name":"wp","href":"https:\/\/api.w.org\/{rel}","templated":true}]}}