{"id":63006,"date":"2025-05-30T17:16:21","date_gmt":"2025-05-30T17:16:21","guid":{"rendered":"https:\/\/lahora.mx\/?p=63006"},"modified":"2025-05-30T17:16:22","modified_gmt":"2025-05-30T17:16:22","slug":"sheinbaum-aplaude-el-primer-mes-de-sergio-salomon-al-frente-del-inm","status":"publish","type":"post","link":"https:\/\/lahora.mx\/index.php\/2025\/05\/30\/sheinbaum-aplaude-el-primer-mes-de-sergio-salomon-al-frente-del-inm\/","title":{"rendered":"Sheinbaum aplaude el primer mes de Sergio Salom\u00f3n al frente del INM"},"content":{"rendered":"\n<p>La presidenta de M\u00e9xico, Claudia Sheinbaum Pardo, aval\u00f3 y aplaudi\u00f3 el primer mes de trabajo del exgobernador de Puebla, Sergio Salom\u00f3n C\u00e9spedes Peregrina, como titular del Instituto Nacional de Migraci\u00f3n (INM).<\/p>\n\n\n\n<p>Consider\u00f3 que desde el 1 de mayo y durante sus primeros 30 d\u00edas de gesti\u00f3n el pol\u00edtico morenista oriundo de Tepeaca est\u00e1 haciendo un buen trabajo, tras reemplazar a Francisco Gardu\u00f1o Y\u00e1\u00f1ez.<\/p>\n\n\n\n<p>\u201cEst\u00e1 haciendo un muy buen trabajo, Sergio\u201d, declar\u00f3 este d\u00eda durante la Ma\u00f1anera del Pueblo la titular del Ejecutivo federal.<\/p>\n\n\n\n<p>Sheinbaum aplaude pero tambi\u00e9n deja observaciones<br>Aun con aplausos record\u00f3 que la llegada de Sergio Salom\u00f3n al INM se retras\u00f3 varios meses por la crisis a principios de a\u00f1o originadas por las amenazas del Donald Trump, presidente de Estados Unidos, al respecto de deportaciones masivas de migrantes a suelo mexicano.<\/p>\n\n\n\n<p>La presidenta Sheinbaum indic\u00f3 que por ello se est\u00e1 buscando una manera de reforzar al organismo desde todas sus \u00e1reas.<\/p>\n\n\n\n<p>Al respecto se\u00f1al\u00f3 que entre las tareas que cumple el INM est\u00e1n el revisar la calidad de vida de las personas extranjeras en M\u00e9xico, la vigilancia que realizan en puertos y aeropuertos, as\u00ed como puntos de migraci\u00f3n permanentes para turistas.<\/p>\n\n\n\n<p>\u00abSe va a fortalecer el Instituto Nacional de Migraci\u00f3n en sus varias tareas que tiene (\u2026) estamos viendo c\u00f3mo fortalecer y como dividir las tareas y fortalecerlas\u00bb, sostuvo.<\/p>\n\n\n\n<p>Neg\u00f3 que actualmente exista una crisis migratoria en la frontera norte del pa\u00eds y asegur\u00f3 que desde diciembre de 2023 disminuy\u00f3 el n\u00famero de personas que intentan atravesar de forma indocumentada los l\u00edmites territoriales mexicanos.<\/p>\n","protected":false},"excerpt":{"rendered":"<p>La presidenta de M\u00e9xico, Claudia Sheinbaum Pardo, aval\u00f3 y aplaudi\u00f3 el primer mes de trabajo del exgobernador de Puebla, Sergio Salom\u00f3n C\u00e9spedes Peregrina, como titular del Instituto Nacional de Migraci\u00f3n (INM). Consider\u00f3 que desde el 1 de mayo y durante sus primeros 30 d\u00edas de gesti\u00f3n el pol\u00edtico morenista oriundo de Tepeaca est\u00e1 haciendo un [&hellip;]<\/p>\n","protected":false},"author":4,"featured_media":63007,"comment_status":"open","ping_status":"open","sticky":false,"template":"","format":"standard","meta":{"om_disable_all_campaigns":false,"_monsterinsights_skip_tracking":false,"_monsterinsights_sitenote_active":false,"_monsterinsights_sitenote_note":"","_monsterinsights_sitenote_category":0,"footnotes":""},"categories":[175,5],"tags":[223],"class_list":["post-63006","post","type-post","status-publish","format-standard","has-post-thumbnail","hentry","category-local","category-politica","tag-puebla"],"amp_enabled":true,"_links":{"self":[{"href":"https:\/\/lahora.mx\/index.php\/wp-json\/wp\/v2\/posts\/63006","targetHints":{"allow":["GET"]}}],"collection":[{"href":"https:\/\/lahora.mx\/index.php\/wp-json\/wp\/v2\/posts"}],"about":[{"href":"https:\/\/lahora.mx\/index.php\/wp-json\/wp\/v2\/types\/post"}],"author":[{"embeddable":true,"href":"https:\/\/lahora.mx\/index.php\/wp-json\/wp\/v2\/users\/4"}],"replies":[{"embeddable":true,"href":"https:\/\/lahora.mx\/index.php\/wp-json\/wp\/v2\/comments?post=63006"}],"version-history":[{"count":1,"href":"https:\/\/lahora.mx\/index.php\/wp-json\/wp\/v2\/posts\/63006\/revisions"}],"predecessor-version":[{"id":63008,"href":"https:\/\/lahora.mx\/index.php\/wp-json\/wp\/v2\/posts\/63006\/revisions\/63008"}],"wp:featuredmedia":[{"embeddable":true,"href":"https:\/\/lahora.mx\/index.php\/wp-json\/wp\/v2\/media\/63007"}],"wp:attachment":[{"href":"https:\/\/lahora.mx\/index.php\/wp-json\/wp\/v2\/media?parent=63006"}],"wp:term":[{"taxonomy":"category","embeddable":true,"href":"https:\/\/lahora.mx\/index.php\/wp-json\/wp\/v2\/categories?post=63006"},{"taxonomy":"post_tag","embeddable":true,"href":"https:\/\/lahora.mx\/index.php\/wp-json\/wp\/v2\/tags?post=63006"}],"curies":[{"name":"wp","href":"https:\/\/api.w.org\/{rel}","templated":true}]}}