{"id":62992,"date":"2025-05-30T00:19:31","date_gmt":"2025-05-30T00:19:31","guid":{"rendered":"https:\/\/lahora.mx\/?p=62992"},"modified":"2025-05-30T00:19:32","modified_gmt":"2025-05-30T00:19:32","slug":"pepe-chedraui-firma-convenio-con-el-comite-estatal-de-participacion-ciudadana","status":"publish","type":"post","link":"https:\/\/lahora.mx\/index.php\/2025\/05\/30\/pepe-chedraui-firma-convenio-con-el-comite-estatal-de-participacion-ciudadana\/","title":{"rendered":"Pepe Chedraui firma convenio con el Comit\u00e9 Estatal de Participaci\u00f3n Ciudadana"},"content":{"rendered":"\n<p>Con el prop\u00f3sito de generar acciones para que Puebla sea un referente nacional e internacional en materia de transparencia, el presidente municipal, Jos\u00e9 \u201cPepe\u201d Chedraui Budib, firm\u00f3 un convenio con el Comit\u00e9 Estatal de Participaci\u00f3n Ciudadana (CEPC) del Sistema Anticorrupci\u00f3n de Puebla.<\/p>\n\n\n\n<p>Asimismo, la firma de este convenio de colaboraci\u00f3n, permitir\u00e1 que diversas \u00e1reas del gobierno de la ciudad en conjunto con el CEPC, realicen las siguientes acciones:<\/p>\n\n\n\n<p>Capacitaci\u00f3n y difusi\u00f3n en materia de transparencia<br>Combate a la corrupci\u00f3n<br>Rendici\u00f3n de cuentas<br>Uso eficiente de los recursos p\u00fablicos<br>Proyectos de investigaci\u00f3n y conferencias en dichas materias<br>Lo anterior promover\u00e1 el intercambio de estudios e investigaciones que tengan repercusi\u00f3n en el actuar de la administraci\u00f3n actual.<\/p>\n\n\n\n<p>Cabe destacar que la Secretar\u00eda de Hacienda y Cr\u00e9dito P\u00fablico otorg\u00f3 a esta administraci\u00f3n el primer lugar en temas de rendici\u00f3n de cuentas.<\/p>\n\n\n\n<p>Durante su intervenci\u00f3n, el presidente municipal destac\u00f3 que el Gobierno de Puebla cumplir\u00e1 en materia de transparencia a favor de los poblanos.<\/p>\n\n\n\n<p>Asimismo mencion\u00f3 que Puebla se lo merece, porque los ciudadanos tienen que estar conscientes de que se est\u00e1n haciendo las cosas bien con hechos.<\/p>\n\n\n\n<p>Adem\u00e1s mencion\u00f3 que los ciudadanos tienen acceso a tomar decisiones y a complementarnos con muchas cosas.<\/p>\n\n\n\n<p>Pepe Chedraui firma convenio con Comit\u00e9 de Participaci\u00f3n<br>Por su parte, la Coordinadora General de Transparencia y Municipio Abierto, Laura Elizabeth Garc\u00eda Gonz\u00e1lez, dijo que el convenio representa m\u00e1s que un acto protocolario.<\/p>\n\n\n\n<p>Destac\u00f3 que es la afirmaci\u00f3n de un compromiso compartido, que se trabajar\u00e1 por un gobierno m\u00e1s transparente y m\u00e1s participativo.<\/p>\n\n\n\n<p>Tambi\u00e9n, mencion\u00f3 que un gobierno abierto es aquel que transparenta sus acciones y establece una comunicaci\u00f3n constante con la gente. Lo anterior con el fin de informar y tomar decisiones de manera conjunta.<\/p>\n\n\n\n<p>Cabe decir que el Comit\u00e9 Estatal de Participaci\u00f3n Ciudadana, presidido por Laura Elisa Morales Villagr\u00e1n, es una instancia de representaci\u00f3n ciudadana dentro del Sistema Anticorrupci\u00f3n del Estado de Puebla.<\/p>\n\n\n\n<p>Dicha instancia, a trav\u00e9s de su labor, difunde la cultura de la legalidad y el Estado de derecho, buscando la dignificaci\u00f3n del sector p\u00fablico mediante la promoci\u00f3n e impulso de la participaci\u00f3n ciudadana.<\/p>\n\n\n\n<p>Por otro lado, la presidenta del CEPC, Laura Elisa Morales Villagr\u00e1n, reconoci\u00f3 al Gobierno de la Ciudad por la calificaci\u00f3n obtenida por parte de la Secretar\u00eda de Hacienda y Cr\u00e9dito P\u00fablico (SHCP) en materia de rendici\u00f3n de cuentas.<\/p>\n\n\n\n<p>Asimismo, explic\u00f3 que son los ciudadanos quienes est\u00e1n pendientes de la rendici\u00f3n de cuentas, la transparencia y el trabajo de los servidores p\u00fablicos eficientes.<\/p>\n","protected":false},"excerpt":{"rendered":"<p>Con el prop\u00f3sito de generar acciones para que Puebla sea un referente nacional e internacional en materia de transparencia, el presidente municipal, Jos\u00e9 \u201cPepe\u201d Chedraui Budib, firm\u00f3 un convenio con el Comit\u00e9 Estatal de Participaci\u00f3n Ciudadana (CEPC) del Sistema Anticorrupci\u00f3n de Puebla. Asimismo, la firma de este convenio de colaboraci\u00f3n, permitir\u00e1 que diversas \u00e1reas del [&hellip;]<\/p>\n","protected":false},"author":4,"featured_media":62994,"comment_status":"open","ping_status":"open","sticky":false,"template":"","format":"standard","meta":{"om_disable_all_campaigns":false,"_monsterinsights_skip_tracking":false,"_monsterinsights_sitenote_active":false,"_monsterinsights_sitenote_note":"","_monsterinsights_sitenote_category":0,"footnotes":""},"categories":[175],"tags":[223],"class_list":["post-62992","post","type-post","status-publish","format-standard","has-post-thumbnail","hentry","category-local","tag-puebla"],"amp_enabled":true,"_links":{"self":[{"href":"https:\/\/lahora.mx\/index.php\/wp-json\/wp\/v2\/posts\/62992","targetHints":{"allow":["GET"]}}],"collection":[{"href":"https:\/\/lahora.mx\/index.php\/wp-json\/wp\/v2\/posts"}],"about":[{"href":"https:\/\/lahora.mx\/index.php\/wp-json\/wp\/v2\/types\/post"}],"author":[{"embeddable":true,"href":"https:\/\/lahora.mx\/index.php\/wp-json\/wp\/v2\/users\/4"}],"replies":[{"embeddable":true,"href":"https:\/\/lahora.mx\/index.php\/wp-json\/wp\/v2\/comments?post=62992"}],"version-history":[{"count":1,"href":"https:\/\/lahora.mx\/index.php\/wp-json\/wp\/v2\/posts\/62992\/revisions"}],"predecessor-version":[{"id":62995,"href":"https:\/\/lahora.mx\/index.php\/wp-json\/wp\/v2\/posts\/62992\/revisions\/62995"}],"wp:featuredmedia":[{"embeddable":true,"href":"https:\/\/lahora.mx\/index.php\/wp-json\/wp\/v2\/media\/62994"}],"wp:attachment":[{"href":"https:\/\/lahora.mx\/index.php\/wp-json\/wp\/v2\/media?parent=62992"}],"wp:term":[{"taxonomy":"category","embeddable":true,"href":"https:\/\/lahora.mx\/index.php\/wp-json\/wp\/v2\/categories?post=62992"},{"taxonomy":"post_tag","embeddable":true,"href":"https:\/\/lahora.mx\/index.php\/wp-json\/wp\/v2\/tags?post=62992"}],"curies":[{"name":"wp","href":"https:\/\/api.w.org\/{rel}","templated":true}]}}