{"id":62983,"date":"2025-05-30T00:09:05","date_gmt":"2025-05-30T00:09:05","guid":{"rendered":"https:\/\/lahora.mx\/?p=62983"},"modified":"2025-05-30T00:09:06","modified_gmt":"2025-05-30T00:09:06","slug":"gobierno-de-la-ciudad-imparte-cursos-de-capacitacion-para-el-autoempleo","status":"publish","type":"post","link":"https:\/\/lahora.mx\/index.php\/2025\/05\/30\/gobierno-de-la-ciudad-imparte-cursos-de-capacitacion-para-el-autoempleo\/","title":{"rendered":"Gobierno de la Ciudad imparte cursos de capacitaci\u00f3n para el autoempleo"},"content":{"rendered":"\n<p>El Gobierno de la Ciudad, encabezado por el alcalde Pepe Chedraui Budib, a trav\u00e9s de la Secretar\u00eda de Bienestar y Participaci\u00f3n Ciudadana, invita a la ciudadan\u00eda a inscribirse en los cursos gratuitos de capacitaci\u00f3n que se imparten en coordinaci\u00f3n con el Instituto de Capacitaci\u00f3n para el Trabajo del Estado de Puebla (ICATEP).<\/p>\n\n\n\n<p>Esta iniciativa forma parte de una estrategia integral para fortalecer el tejido social, impulsar el desarrollo comunitario y apoyar la econom\u00eda familiar.<\/p>\n\n\n\n<p>Carlos G\u00f3mez Tepoz, titular de la dependencia, resalt\u00f3 que el acceso a la capacitaci\u00f3n es una v\u00eda directa para impulsar el desarrollo econ\u00f3mico local, pues estos cursos gratuitos permiten a las personas adquirir habilidades que pueden traducirse en empleo, autoempleo o mejoras en su situaci\u00f3n laboral.<br><br>Los cursos se impartir\u00e1n en espacios p\u00fablicos como los Centros de Desarrollo Comunitario (CDC) y el Parque Biblioteca, con el objetivo de acercar las oportunidades de formaci\u00f3n a diferentes colonias de la ciudad.<\/p>\n\n\n\n<p>Al concluir satisfactoriamente cualquiera de los cursos, los participantes recibir\u00e1n una constancia con valor curricular, que acredita la formaci\u00f3n adquirida.<\/p>\n\n\n\n<p>Las capacitaciones dar\u00e1n inicio el pr\u00f3ximo 2 de junio en los siguientes espacios:<\/p>\n\n\n\n<p>Curso de Primeros Auxilios: Parque Biblioteca<br>Taller de Gel Semipermanente: Centro de Desarrollo Comunitario SNTE<br>Curso de Barber Shop: Centro de Desarrollo Comunitario de Santo Tom\u00e1s Chautla<br>Curso de Aplicaci\u00f3n de Pesta\u00f1as, con t\u00e9cnicas japonesa y hawaiana: Centro de Desarrollo Comunitario de San Ram\u00f3n<\/p>\n\n\n\n<p>Todas las capacitaciones est\u00e1n dirigidas a personas a partir de 16 a\u00f1os, ser\u00e1n gratuitas y ser\u00e1n impartidas por instructores certificados.<\/p>\n\n\n\n<p>Para inscribirse, los interesados pueden acudir a los Centros de Desarrollo Comunitario, comunicarse v\u00eda telef\u00f3nica al n\u00famero 2223094600 ext. 6949 o consultar las redes sociales oficiales de la Secretar\u00eda de Bienestar y Participaci\u00f3n Ciudadana del municipio de Puebla.<\/p>\n","protected":false},"excerpt":{"rendered":"<p>El Gobierno de la Ciudad, encabezado por el alcalde Pepe Chedraui Budib, a trav\u00e9s de la Secretar\u00eda de Bienestar y Participaci\u00f3n Ciudadana, invita a la ciudadan\u00eda a inscribirse en los cursos gratuitos de capacitaci\u00f3n que se imparten en coordinaci\u00f3n con el Instituto de Capacitaci\u00f3n para el Trabajo del Estado de Puebla (ICATEP). Esta iniciativa forma [&hellip;]<\/p>\n","protected":false},"author":4,"featured_media":62984,"comment_status":"open","ping_status":"open","sticky":false,"template":"","format":"standard","meta":{"om_disable_all_campaigns":false,"_monsterinsights_skip_tracking":false,"_monsterinsights_sitenote_active":false,"_monsterinsights_sitenote_note":"","_monsterinsights_sitenote_category":0,"footnotes":""},"categories":[175],"tags":[239,223],"class_list":["post-62983","post","type-post","status-publish","format-standard","has-post-thumbnail","hentry","category-local","tag-gobierno","tag-puebla"],"amp_enabled":true,"_links":{"self":[{"href":"https:\/\/lahora.mx\/index.php\/wp-json\/wp\/v2\/posts\/62983","targetHints":{"allow":["GET"]}}],"collection":[{"href":"https:\/\/lahora.mx\/index.php\/wp-json\/wp\/v2\/posts"}],"about":[{"href":"https:\/\/lahora.mx\/index.php\/wp-json\/wp\/v2\/types\/post"}],"author":[{"embeddable":true,"href":"https:\/\/lahora.mx\/index.php\/wp-json\/wp\/v2\/users\/4"}],"replies":[{"embeddable":true,"href":"https:\/\/lahora.mx\/index.php\/wp-json\/wp\/v2\/comments?post=62983"}],"version-history":[{"count":1,"href":"https:\/\/lahora.mx\/index.php\/wp-json\/wp\/v2\/posts\/62983\/revisions"}],"predecessor-version":[{"id":62985,"href":"https:\/\/lahora.mx\/index.php\/wp-json\/wp\/v2\/posts\/62983\/revisions\/62985"}],"wp:featuredmedia":[{"embeddable":true,"href":"https:\/\/lahora.mx\/index.php\/wp-json\/wp\/v2\/media\/62984"}],"wp:attachment":[{"href":"https:\/\/lahora.mx\/index.php\/wp-json\/wp\/v2\/media?parent=62983"}],"wp:term":[{"taxonomy":"category","embeddable":true,"href":"https:\/\/lahora.mx\/index.php\/wp-json\/wp\/v2\/categories?post=62983"},{"taxonomy":"post_tag","embeddable":true,"href":"https:\/\/lahora.mx\/index.php\/wp-json\/wp\/v2\/tags?post=62983"}],"curies":[{"name":"wp","href":"https:\/\/api.w.org\/{rel}","templated":true}]}}