{"id":62980,"date":"2025-05-30T00:07:01","date_gmt":"2025-05-30T00:07:01","guid":{"rendered":"https:\/\/lahora.mx\/?p=62980"},"modified":"2025-05-30T00:07:02","modified_gmt":"2025-05-30T00:07:02","slug":"aprueban-la-construccion-del-nuevo-hospital-general-regional-en-amozoc","status":"publish","type":"post","link":"https:\/\/lahora.mx\/index.php\/2025\/05\/30\/aprueban-la-construccion-del-nuevo-hospital-general-regional-en-amozoc\/","title":{"rendered":"Aprueban la construcci\u00f3n del nuevo Hospital General Regional en Amozoc"},"content":{"rendered":"\n<p>Durante la Sesi\u00f3n P\u00fablica Ordinaria de la Sexag\u00e9sima Segunda Legislatura del Congreso del Estado de Puebla, se aprob\u00f3 la modificaci\u00f3n al destino de los predios donados por el Ayuntamiento de Amozoc.<\/p>\n\n\n\n<p>Al concluir el evento, el presidente municipal de Amozoc, Severiano de la Rosa Romero, agradeci\u00f3 al gobernador de Puebla, Alejandro Armenta Mier, por impulsar la iniciativa que redefine el uso de dichos terrenos, los cuales fueron entregados al Instituto Mexicano del Seguro Social (IMSS):<\/p>\n\n\n\n<p>\u201cGracias a este importante paso ya no se construir\u00e1 \u00fanicamente un Hospital General de Zona, sino un Hospital General Regional del IMSS con mayor capacidad y una oferta m\u00e1s amplia de servicios m\u00e9dicos\u201d, declar\u00f3 el edil.<\/p>\n\n\n\n<p>A su vez, el funcionario se\u00f1al\u00f3 que, con esta aprobaci\u00f3n, el esfuerzo de muchos a\u00f1os comienza a hacerse realidad, y ahora espera que tanto el gobernador Armenta como la presidenta Claudia Sheinbaum Pardo, impulsen la construcci\u00f3n del Hospital General Regional del IMSS en Amozoc.<\/p>\n\n\n\n<p>El presidente municipal tambi\u00e9n agradeci\u00f3 a las diputadas y diputados del Congreso de Puebla, as\u00ed como al IMSS por su apoyo, ya que este proyecto representa un gran beneficio para Puebla y para los habitantes de Amozoc.<\/p>\n","protected":false},"excerpt":{"rendered":"<p>Durante la Sesi\u00f3n P\u00fablica Ordinaria de la Sexag\u00e9sima Segunda Legislatura del Congreso del Estado de Puebla, se aprob\u00f3 la modificaci\u00f3n al destino de los predios donados por el Ayuntamiento de Amozoc. Al concluir el evento, el presidente municipal de Amozoc, Severiano de la Rosa Romero, agradeci\u00f3 al gobernador de Puebla, Alejandro Armenta Mier, por impulsar [&hellip;]<\/p>\n","protected":false},"author":4,"featured_media":62981,"comment_status":"open","ping_status":"open","sticky":false,"template":"","format":"standard","meta":{"om_disable_all_campaigns":false,"_monsterinsights_skip_tracking":false,"_monsterinsights_sitenote_active":false,"_monsterinsights_sitenote_note":"","_monsterinsights_sitenote_category":0,"footnotes":""},"categories":[3,175,252],"tags":[223],"class_list":["post-62980","post","type-post","status-publish","format-standard","has-post-thumbnail","hentry","category-entretenimiento","category-local","category-salud","tag-puebla"],"amp_enabled":true,"_links":{"self":[{"href":"https:\/\/lahora.mx\/index.php\/wp-json\/wp\/v2\/posts\/62980","targetHints":{"allow":["GET"]}}],"collection":[{"href":"https:\/\/lahora.mx\/index.php\/wp-json\/wp\/v2\/posts"}],"about":[{"href":"https:\/\/lahora.mx\/index.php\/wp-json\/wp\/v2\/types\/post"}],"author":[{"embeddable":true,"href":"https:\/\/lahora.mx\/index.php\/wp-json\/wp\/v2\/users\/4"}],"replies":[{"embeddable":true,"href":"https:\/\/lahora.mx\/index.php\/wp-json\/wp\/v2\/comments?post=62980"}],"version-history":[{"count":1,"href":"https:\/\/lahora.mx\/index.php\/wp-json\/wp\/v2\/posts\/62980\/revisions"}],"predecessor-version":[{"id":62982,"href":"https:\/\/lahora.mx\/index.php\/wp-json\/wp\/v2\/posts\/62980\/revisions\/62982"}],"wp:featuredmedia":[{"embeddable":true,"href":"https:\/\/lahora.mx\/index.php\/wp-json\/wp\/v2\/media\/62981"}],"wp:attachment":[{"href":"https:\/\/lahora.mx\/index.php\/wp-json\/wp\/v2\/media?parent=62980"}],"wp:term":[{"taxonomy":"category","embeddable":true,"href":"https:\/\/lahora.mx\/index.php\/wp-json\/wp\/v2\/categories?post=62980"},{"taxonomy":"post_tag","embeddable":true,"href":"https:\/\/lahora.mx\/index.php\/wp-json\/wp\/v2\/tags?post=62980"}],"curies":[{"name":"wp","href":"https:\/\/api.w.org\/{rel}","templated":true}]}}