{"id":62962,"date":"2025-05-29T15:49:46","date_gmt":"2025-05-29T15:49:46","guid":{"rendered":"https:\/\/lahora.mx\/?p=62962"},"modified":"2025-05-29T15:49:47","modified_gmt":"2025-05-29T15:49:47","slug":"accidente-multiple-en-la-autopista-mexico-puebla-provoca-caos-vial-en-ambos-sentidos","status":"publish","type":"post","link":"https:\/\/lahora.mx\/index.php\/2025\/05\/29\/accidente-multiple-en-la-autopista-mexico-puebla-provoca-caos-vial-en-ambos-sentidos\/","title":{"rendered":"Accidente m\u00faltiple en la autopista M\u00e9xico\u2013Puebla provoca caos vial en ambos sentidos"},"content":{"rendered":"\n<p>La madrugada de este jueves 29 de mayo de 2025, se registr\u00f3 un accidente m\u00faltiple en la autopista M\u00e9xico\u2013Puebla, a la altura del municipio de San Miguel Xoxtla.<\/p>\n\n\n\n<p>El percance involucr\u00f3 camiones de carga y veh\u00edculos particulares que colisionaron contra el muro de contenci\u00f3n en ambos sentidos de la v\u00eda. Como resultado, se reporta al menos una persona fallecida y varios heridos, adem\u00e1s de un severo caos vial en la zona.<\/p>\n\n\n\n<p>El tr\u00e1fico se encuentra afectado en ambos sentidos de la autopista, especialmente en direcci\u00f3n a Amozoc.<\/p>\n\n\n\n<p>Asimismo, las casetas del segundo piso no est\u00e1n funcionando, y la fila de veh\u00edculos ya alcanza la zona de los estadios. Se recomienda extremar precauciones y anticipar su salida.<\/p>\n\n\n\n<p>Las autoridades contin\u00faan trabajando en la zona para atender el accidente y restablecer la circulaci\u00f3n lo antes posible.<\/p>\n\n\n\n<p>\u00bfQuieres conocer m\u00e1s detalles sobre lo que sucede en Puebla? Sigue explorando nuestro portal para obtener m\u00e1s noticias hoy.<\/p>\n","protected":false},"excerpt":{"rendered":"<p>La madrugada de este jueves 29 de mayo de 2025, se registr\u00f3 un accidente m\u00faltiple en la autopista M\u00e9xico\u2013Puebla, a la altura del municipio de San Miguel Xoxtla. El percance involucr\u00f3 camiones de carga y veh\u00edculos particulares que colisionaron contra el muro de contenci\u00f3n en ambos sentidos de la v\u00eda. Como resultado, se reporta al [&hellip;]<\/p>\n","protected":false},"author":4,"featured_media":62963,"comment_status":"open","ping_status":"open","sticky":false,"template":"","format":"standard","meta":{"om_disable_all_campaigns":false,"_monsterinsights_skip_tracking":false,"_monsterinsights_sitenote_active":false,"_monsterinsights_sitenote_note":"","_monsterinsights_sitenote_category":0,"footnotes":""},"categories":[175,226],"tags":[223],"class_list":["post-62962","post","type-post","status-publish","format-standard","has-post-thumbnail","hentry","category-local","category-policia","tag-puebla"],"amp_enabled":true,"_links":{"self":[{"href":"https:\/\/lahora.mx\/index.php\/wp-json\/wp\/v2\/posts\/62962","targetHints":{"allow":["GET"]}}],"collection":[{"href":"https:\/\/lahora.mx\/index.php\/wp-json\/wp\/v2\/posts"}],"about":[{"href":"https:\/\/lahora.mx\/index.php\/wp-json\/wp\/v2\/types\/post"}],"author":[{"embeddable":true,"href":"https:\/\/lahora.mx\/index.php\/wp-json\/wp\/v2\/users\/4"}],"replies":[{"embeddable":true,"href":"https:\/\/lahora.mx\/index.php\/wp-json\/wp\/v2\/comments?post=62962"}],"version-history":[{"count":1,"href":"https:\/\/lahora.mx\/index.php\/wp-json\/wp\/v2\/posts\/62962\/revisions"}],"predecessor-version":[{"id":62964,"href":"https:\/\/lahora.mx\/index.php\/wp-json\/wp\/v2\/posts\/62962\/revisions\/62964"}],"wp:featuredmedia":[{"embeddable":true,"href":"https:\/\/lahora.mx\/index.php\/wp-json\/wp\/v2\/media\/62963"}],"wp:attachment":[{"href":"https:\/\/lahora.mx\/index.php\/wp-json\/wp\/v2\/media?parent=62962"}],"wp:term":[{"taxonomy":"category","embeddable":true,"href":"https:\/\/lahora.mx\/index.php\/wp-json\/wp\/v2\/categories?post=62962"},{"taxonomy":"post_tag","embeddable":true,"href":"https:\/\/lahora.mx\/index.php\/wp-json\/wp\/v2\/tags?post=62962"}],"curies":[{"name":"wp","href":"https:\/\/api.w.org\/{rel}","templated":true}]}}