{"id":62946,"date":"2025-05-29T01:40:00","date_gmt":"2025-05-29T01:40:00","guid":{"rendered":"https:\/\/lahora.mx\/?p=62946"},"modified":"2025-05-29T01:40:01","modified_gmt":"2025-05-29T01:40:01","slug":"con-estudios-avalados-por-buap-e-ipn-armenta-enviara-iniciativa-sobre-caleo-de-arboles","status":"publish","type":"post","link":"https:\/\/lahora.mx\/index.php\/2025\/05\/29\/con-estudios-avalados-por-buap-e-ipn-armenta-enviara-iniciativa-sobre-caleo-de-arboles\/","title":{"rendered":"Con estudios avalados por BUAP e IPN Armenta enviar\u00e1 iniciativa sobre caleo de \u00e1rboles"},"content":{"rendered":"\n<p>Con estudios avalados por la Benem\u00e9rita Universidad Aut\u00f3noma de Puebla (BUAP) y el Instituto Polit\u00e9cnico Nacional (IPN), el gobernador Alejandro Armenta Mier enviar\u00e1 una iniciativa al Congreso Local sobre el caleo de \u00e1rboles en la entidad.<\/p>\n\n\n\n<p>En rueda de prensa, el mandatario poblano indic\u00f3 que err\u00f3neamente los legisladores aprobaron una disposici\u00f3n que afecta el saneamiento de los ejemplares, a pesar de que est\u00e1 cient\u00edficamente probado que no los da\u00f1a.<\/p>\n\n\n\n<p>Al respecto, orden\u00f3 al \u00c1rea T\u00e9cnica Jur\u00eddica que envi\u00e9 las pruebas de que el caleo, bajo las circunstancias que se deben de hacer, protegen a los \u00e1rboles para que los representantes del Ejecutivo lo valoren.<\/p>\n\n\n\n<p>Lo anterior, a fin de que de ser cient\u00edficamente correcto se proceda a modificar la ley, aunque reconoci\u00f3 que mientras se mantengan as\u00ed las disposiciones, las respetar\u00e1.<\/p>\n\n\n\n<p>\u00abPorque una ley se haya hecho, soy legislador local federal, ser\u00eda incongruente, no reconocer que la ley se debe respetar y todos tenemos que respetar la ley, entonces me equivoqu\u00e9\u00bb, puntualiz\u00f3.<\/p>\n\n\n\n<p>Esto, con motivo de recientes cuestionamientos sobre el caleo que hizo a los ejemplares que se encuentran en la zona de Los Fuertes de Loreto y Guadalupe, as\u00ed como de la Calzada Ignacio Zaragoza.<\/p>\n","protected":false},"excerpt":{"rendered":"<p>Con estudios avalados por la Benem\u00e9rita Universidad Aut\u00f3noma de Puebla (BUAP) y el Instituto Polit\u00e9cnico Nacional (IPN), el gobernador Alejandro Armenta Mier enviar\u00e1 una iniciativa al Congreso Local sobre el caleo de \u00e1rboles en la entidad. En rueda de prensa, el mandatario poblano indic\u00f3 que err\u00f3neamente los legisladores aprobaron una disposici\u00f3n que afecta el saneamiento [&hellip;]<\/p>\n","protected":false},"author":4,"featured_media":62947,"comment_status":"open","ping_status":"open","sticky":false,"template":"","format":"standard","meta":{"om_disable_all_campaigns":false,"_monsterinsights_skip_tracking":false,"_monsterinsights_sitenote_active":false,"_monsterinsights_sitenote_note":"","_monsterinsights_sitenote_category":0,"footnotes":""},"categories":[175],"tags":[186,223],"class_list":["post-62946","post","type-post","status-publish","format-standard","has-post-thumbnail","hentry","category-local","tag-buap","tag-puebla"],"amp_enabled":true,"_links":{"self":[{"href":"https:\/\/lahora.mx\/index.php\/wp-json\/wp\/v2\/posts\/62946","targetHints":{"allow":["GET"]}}],"collection":[{"href":"https:\/\/lahora.mx\/index.php\/wp-json\/wp\/v2\/posts"}],"about":[{"href":"https:\/\/lahora.mx\/index.php\/wp-json\/wp\/v2\/types\/post"}],"author":[{"embeddable":true,"href":"https:\/\/lahora.mx\/index.php\/wp-json\/wp\/v2\/users\/4"}],"replies":[{"embeddable":true,"href":"https:\/\/lahora.mx\/index.php\/wp-json\/wp\/v2\/comments?post=62946"}],"version-history":[{"count":1,"href":"https:\/\/lahora.mx\/index.php\/wp-json\/wp\/v2\/posts\/62946\/revisions"}],"predecessor-version":[{"id":62948,"href":"https:\/\/lahora.mx\/index.php\/wp-json\/wp\/v2\/posts\/62946\/revisions\/62948"}],"wp:featuredmedia":[{"embeddable":true,"href":"https:\/\/lahora.mx\/index.php\/wp-json\/wp\/v2\/media\/62947"}],"wp:attachment":[{"href":"https:\/\/lahora.mx\/index.php\/wp-json\/wp\/v2\/media?parent=62946"}],"wp:term":[{"taxonomy":"category","embeddable":true,"href":"https:\/\/lahora.mx\/index.php\/wp-json\/wp\/v2\/categories?post=62946"},{"taxonomy":"post_tag","embeddable":true,"href":"https:\/\/lahora.mx\/index.php\/wp-json\/wp\/v2\/tags?post=62946"}],"curies":[{"name":"wp","href":"https:\/\/api.w.org\/{rel}","templated":true}]}}