{"id":62940,"date":"2025-05-29T01:35:22","date_gmt":"2025-05-29T01:35:22","guid":{"rendered":"https:\/\/lahora.mx\/?p=62940"},"modified":"2025-05-29T01:35:23","modified_gmt":"2025-05-29T01:35:23","slug":"lluvias-tiran-puente-peatonal-en-conjunto-habitacional-san-juan-bosco","status":"publish","type":"post","link":"https:\/\/lahora.mx\/index.php\/2025\/05\/29\/lluvias-tiran-puente-peatonal-en-conjunto-habitacional-san-juan-bosco\/","title":{"rendered":"Lluvias tiran puente peatonal en conjunto habitacional San Juan Bosco"},"content":{"rendered":"\n<p>Vecinos del sur de la capital poblana reportaron el colapso del puente peatonal ubicado en el conjunto habitacional San Juan Bosco, situaci\u00f3n que impide el paso y buscar algunas otras alternativas.<br><br>En palabras de vecinos de la zona, la situaci\u00f3n se present\u00f3 tras el aumento en el nivel del r\u00edo Atoyac luego de la lluvia de la tarde del martes, el cu\u00e1l atraviesa dicho fraccionamiento lo que gener\u00f3 una fuerte corriente que impact\u00f3 en la estructura del puente, parti\u00e9ndose por completo.<\/p>\n\n\n\n<p>Tras la ca\u00edda del puente, la circulaci\u00f3n de los vecinos se vio afectada por lo que se tuvo que modificar los recorridos que se hace a diario y prolongar sus tiempos de traslado.<\/p>\n\n\n\n<p>Los residentes solicitan la intervenci\u00f3n de las autoridades municipales con el objetivo de que se lleve a cabo la reparaci\u00f3n del puente y se restablezca el paso peatonal en la zona.<\/p>\n\n\n\n<p>Sin embargo, hasta el momento no se ha emitido alguna postura oficial por parte del gobierno municipal por lo que vecinos esperan que pronto les den una respuesta a la petici\u00f3n.<\/p>\n\n\n\n<p>Mantente al tanto de todas las noticias de Puebla y el mundo. Haz clic aqu\u00ed para seguir explorando nuestro portal.<\/p>\n","protected":false},"excerpt":{"rendered":"<p>Vecinos del sur de la capital poblana reportaron el colapso del puente peatonal ubicado en el conjunto habitacional San Juan Bosco, situaci\u00f3n que impide el paso y buscar algunas otras alternativas. En palabras de vecinos de la zona, la situaci\u00f3n se present\u00f3 tras el aumento en el nivel del r\u00edo Atoyac luego de la lluvia [&hellip;]<\/p>\n","protected":false},"author":4,"featured_media":62941,"comment_status":"open","ping_status":"open","sticky":false,"template":"","format":"standard","meta":{"om_disable_all_campaigns":false,"_monsterinsights_skip_tracking":false,"_monsterinsights_sitenote_active":false,"_monsterinsights_sitenote_note":"","_monsterinsights_sitenote_category":0,"footnotes":""},"categories":[175],"tags":[223],"class_list":["post-62940","post","type-post","status-publish","format-standard","has-post-thumbnail","hentry","category-local","tag-puebla"],"amp_enabled":true,"_links":{"self":[{"href":"https:\/\/lahora.mx\/index.php\/wp-json\/wp\/v2\/posts\/62940","targetHints":{"allow":["GET"]}}],"collection":[{"href":"https:\/\/lahora.mx\/index.php\/wp-json\/wp\/v2\/posts"}],"about":[{"href":"https:\/\/lahora.mx\/index.php\/wp-json\/wp\/v2\/types\/post"}],"author":[{"embeddable":true,"href":"https:\/\/lahora.mx\/index.php\/wp-json\/wp\/v2\/users\/4"}],"replies":[{"embeddable":true,"href":"https:\/\/lahora.mx\/index.php\/wp-json\/wp\/v2\/comments?post=62940"}],"version-history":[{"count":1,"href":"https:\/\/lahora.mx\/index.php\/wp-json\/wp\/v2\/posts\/62940\/revisions"}],"predecessor-version":[{"id":62942,"href":"https:\/\/lahora.mx\/index.php\/wp-json\/wp\/v2\/posts\/62940\/revisions\/62942"}],"wp:featuredmedia":[{"embeddable":true,"href":"https:\/\/lahora.mx\/index.php\/wp-json\/wp\/v2\/media\/62941"}],"wp:attachment":[{"href":"https:\/\/lahora.mx\/index.php\/wp-json\/wp\/v2\/media?parent=62940"}],"wp:term":[{"taxonomy":"category","embeddable":true,"href":"https:\/\/lahora.mx\/index.php\/wp-json\/wp\/v2\/categories?post=62940"},{"taxonomy":"post_tag","embeddable":true,"href":"https:\/\/lahora.mx\/index.php\/wp-json\/wp\/v2\/tags?post=62940"}],"curies":[{"name":"wp","href":"https:\/\/api.w.org\/{rel}","templated":true}]}}