{"id":62937,"date":"2025-05-29T00:11:53","date_gmt":"2025-05-29T00:11:53","guid":{"rendered":"https:\/\/lahora.mx\/?p=62937"},"modified":"2025-05-29T00:11:57","modified_gmt":"2025-05-29T00:11:57","slug":"alejandro-armenta-llama-a-participar-en-la-eleccion-del-poder-judicial","status":"publish","type":"post","link":"https:\/\/lahora.mx\/index.php\/2025\/05\/29\/alejandro-armenta-llama-a-participar-en-la-eleccion-del-poder-judicial\/","title":{"rendered":"Alejandro Armenta llama a participar en la elecci\u00f3n del Poder Judicial"},"content":{"rendered":"\n<p>Al encabezar la ma\u00f1anera, el gobernador de Puebla, Alejandro Armenta, se sum\u00f3 al llamado que realiz\u00f3 la presidenta Claudia Sheinbaum, para que el pueblo salga a votar el pr\u00f3ximo 1 de junio, y sean electos democr\u00e1ticamente los pr\u00f3ximos integrantes del Poder Judicial de la Federaci\u00f3n.<\/p>\n\n\n\n<p>Asimismo, el titular del ejecutivo llam\u00f3 a la ciudadan\u00eda a lograr que la democratizaci\u00f3n del Poder Judicial sea una realidad por el bien de M\u00e9xico.<\/p>\n\n\n\n<p>Alejandro Armenta llama a participar en la elecci\u00f3n del Poder Judicial<br>\u00abHoy la presidenta Claudia coment\u00f3, es mejor que millones de mexicanos elijan al Poder Judicial, a que lo elija la presidenta o el presidente y un grupo de senadores, porque solo obedec\u00edan a esos intereses y a los intereses detr\u00e1s de ese grupo representado por el poder econ\u00f3mico\u00bb, asegur\u00f3 el gobernador.<\/p>\n\n\n\n<p><\/p>\n\n\n\n<p>Durante la ma\u00f1anera del pueblo, la presidenta de la Rep\u00fablica, Claudia Sheinbaum, exhort\u00f3 a la poblaci\u00f3n en general a salir a votar el pr\u00f3ximo 1 de junio, ya que asegur\u00f3, el pueblo decidir\u00e1 quienes formar\u00e1n parte del Poder Judicial, porque se busca que haya justicia para todos, no solo para los que tienen dinero e influencias.<\/p>\n\n\n\n<p>Alejandro Armenta llama a participar en la elecci\u00f3n del Poder Judicial<br>Cabe destacar que el gobernador Alejandro Armenta es precursor de la Reforma al Poder Judicial, ya que durante su paso por el Senado de la Rep\u00fablica impuls\u00f3 la reforma al sistema de justicia, para dar mayor transparencia y participaci\u00f3n ciudadana en la designaci\u00f3n de jueces y magistrados.<\/p>\n\n\n\n<p>El consejero jur\u00eddico del Gobierno de Puebla, Ra\u00fal Pineda Zepeda, tambi\u00e9n invit\u00f3 a la ciudadan\u00eda para que el pr\u00f3ximo domingo 1 de junio, los mexicanos hagan valer su derecho al voto, ya que se vivir\u00e1 un hecho in\u00e9dito, pues despu\u00e9s de 201 a\u00f1os se elegir\u00e1n a los miembros del Poder Judicial.<\/p>\n","protected":false},"excerpt":{"rendered":"<p>Al encabezar la ma\u00f1anera, el gobernador de Puebla, Alejandro Armenta, se sum\u00f3 al llamado que realiz\u00f3 la presidenta Claudia Sheinbaum, para que el pueblo salga a votar el pr\u00f3ximo 1 de junio, y sean electos democr\u00e1ticamente los pr\u00f3ximos integrantes del Poder Judicial de la Federaci\u00f3n. Asimismo, el titular del ejecutivo llam\u00f3 a la ciudadan\u00eda a [&hellip;]<\/p>\n","protected":false},"author":4,"featured_media":62938,"comment_status":"open","ping_status":"open","sticky":false,"template":"","format":"standard","meta":{"om_disable_all_campaigns":false,"_monsterinsights_skip_tracking":false,"_monsterinsights_sitenote_active":false,"_monsterinsights_sitenote_note":"","_monsterinsights_sitenote_category":0,"footnotes":""},"categories":[175],"tags":[239,195,223],"class_list":["post-62937","post","type-post","status-publish","format-standard","has-post-thumbnail","hentry","category-local","tag-gobierno","tag-principal","tag-puebla"],"amp_enabled":true,"_links":{"self":[{"href":"https:\/\/lahora.mx\/index.php\/wp-json\/wp\/v2\/posts\/62937","targetHints":{"allow":["GET"]}}],"collection":[{"href":"https:\/\/lahora.mx\/index.php\/wp-json\/wp\/v2\/posts"}],"about":[{"href":"https:\/\/lahora.mx\/index.php\/wp-json\/wp\/v2\/types\/post"}],"author":[{"embeddable":true,"href":"https:\/\/lahora.mx\/index.php\/wp-json\/wp\/v2\/users\/4"}],"replies":[{"embeddable":true,"href":"https:\/\/lahora.mx\/index.php\/wp-json\/wp\/v2\/comments?post=62937"}],"version-history":[{"count":1,"href":"https:\/\/lahora.mx\/index.php\/wp-json\/wp\/v2\/posts\/62937\/revisions"}],"predecessor-version":[{"id":62939,"href":"https:\/\/lahora.mx\/index.php\/wp-json\/wp\/v2\/posts\/62937\/revisions\/62939"}],"wp:featuredmedia":[{"embeddable":true,"href":"https:\/\/lahora.mx\/index.php\/wp-json\/wp\/v2\/media\/62938"}],"wp:attachment":[{"href":"https:\/\/lahora.mx\/index.php\/wp-json\/wp\/v2\/media?parent=62937"}],"wp:term":[{"taxonomy":"category","embeddable":true,"href":"https:\/\/lahora.mx\/index.php\/wp-json\/wp\/v2\/categories?post=62937"},{"taxonomy":"post_tag","embeddable":true,"href":"https:\/\/lahora.mx\/index.php\/wp-json\/wp\/v2\/tags?post=62937"}],"curies":[{"name":"wp","href":"https:\/\/api.w.org\/{rel}","templated":true}]}}