{"id":62934,"date":"2025-05-28T18:16:28","date_gmt":"2025-05-28T18:16:28","guid":{"rendered":"https:\/\/lahora.mx\/?p=62934"},"modified":"2025-05-28T18:16:29","modified_gmt":"2025-05-28T18:16:29","slug":"puebla-y-rusia-refrendan-lazos-historicos-con-vision-de-futuro","status":"publish","type":"post","link":"https:\/\/lahora.mx\/index.php\/2025\/05\/28\/puebla-y-rusia-refrendan-lazos-historicos-con-vision-de-futuro\/","title":{"rendered":"Puebla y Rusia refrendan lazos hist\u00f3ricos con visi\u00f3n de futuro"},"content":{"rendered":"\n<p>En un acto protocolario que subray\u00f3 la pr\u00f3xima celebraci\u00f3n de 135 a\u00f1os de relaciones diplom\u00e1ticas entre M\u00e9xico y Rusia, el gobernador Alejandro Armenta recibi\u00f3 al Excelent\u00edsimo Embajador Nikolay V. Sofinskiy, en el Sal\u00f3n Gobernadores del Antiguo Palacio de Gobierno. La reuni\u00f3n tuvo como objetivo consolidar los lazos culturales, educativos y tecnol\u00f3gicos entre Puebla y la Federaci\u00f3n Rusa.<br><br>Durante el encuentro, el embajador Sofinskiy propuso establecer v\u00ednculos directos entre entidades regionales mexicanas y rusas. Expres\u00f3 su inter\u00e9s en concretar un acuerdo de cooperaci\u00f3n con Puebla, similar al que ya existe entre Mosc\u00fa y la Ciudad de M\u00e9xico. \u201cEstamos dispuestos a formalizar proyectos en educaci\u00f3n, ciencia, industria y cultura; solo esperamos una se\u00f1al de ustedes\u201d, expres\u00f3.<\/p>\n\n\n\n<p>Tambi\u00e9n record\u00f3 que a lo largo de las buenas relaciones entre estos dos pa\u00edses, Rusia ha ofrecido 40 becas anuales para estudiantes mexicanos, que cubren desde cursos de idioma hasta estudios de posgrado en Rusia.<\/p>\n\n\n\n<p>En su mensaje, el gobernador Alejandro Armenta solicit\u00f3 formalmente a la Secretar\u00eda de Humanidades, Ciencia y Tecnolog\u00eda, encabezada por Celina Pe\u00f1a Guzm\u00e1n, la elaboraci\u00f3n de una carta de intenci\u00f3n para hermanar a Puebla con alguna regi\u00f3n rusa, con \u00e9nfasis en tecnolog\u00eda y agricultura. Destac\u00f3 la posici\u00f3n estrat\u00e9gica de Puebla como \u201cPolo de Desarrollo del Bienestar\u201d, con conexi\u00f3n interoce\u00e1nica y condiciones favorables para la inversi\u00f3n extranjera.<\/p>\n\n\n\n<p>El mandatario estatal destac\u00f3 el momento hist\u00f3rico que vive M\u00e9xico con la elecci\u00f3n de su primera presidenta, Claudia Sheinbaum, una mujer cient\u00edfica con formaci\u00f3n en medio ambiente, proveniente de la academia y la lucha social. Subray\u00f3 que este nuevo liderazgo ha impulsado significativamente el desarrollo tecnol\u00f3gico nacional, en el que Puebla juega un papel clave.<\/p>\n\n\n\n<p>En su intervenci\u00f3n, la secretaria Celina Pe\u00f1a subray\u00f3 que la entidad mantiene una tradici\u00f3n de intercambio acad\u00e9mico con Rusia desde la era sovi\u00e9tica. Anunci\u00f3 la participaci\u00f3n de una delegaci\u00f3n poblana en el Festival Mundial de la Juventud y en los BRICS, as\u00ed como la apertura de una exposici\u00f3n sobre Rusia en San Pedro Museo de Arte .<\/p>\n\n\n\n<p>Durante su segunda visita al Estado, el embajador recorri\u00f3 sitios hist\u00f3ricos y expres\u00f3 su deseo de ampliar la cooperaci\u00f3n. \u201cDos o tres d\u00edas no son suficientes para conocer todo el potencial que tienen Puebla y su gente\u201d, concluy\u00f3.<\/p>\n\n\n\n<p>La reuni\u00f3n cont\u00f3 con la presencia de autoridades estatales y representantes del \u00e1mbito cultural, quienes reiteraron su compromiso de estrechar los lazos entre ambas regiones.<\/p>\n\n\n\n<p><\/p>\n","protected":false},"excerpt":{"rendered":"<p>En un acto protocolario que subray\u00f3 la pr\u00f3xima celebraci\u00f3n de 135 a\u00f1os de relaciones diplom\u00e1ticas entre M\u00e9xico y Rusia, el gobernador Alejandro Armenta recibi\u00f3 al Excelent\u00edsimo Embajador Nikolay V. Sofinskiy, en el Sal\u00f3n Gobernadores del Antiguo Palacio de Gobierno. La reuni\u00f3n tuvo como objetivo consolidar los lazos culturales, educativos y tecnol\u00f3gicos entre Puebla y la [&hellip;]<\/p>\n","protected":false},"author":4,"featured_media":62935,"comment_status":"open","ping_status":"open","sticky":false,"template":"","format":"standard","meta":{"om_disable_all_campaigns":false,"_monsterinsights_skip_tracking":false,"_monsterinsights_sitenote_active":false,"_monsterinsights_sitenote_note":"","_monsterinsights_sitenote_category":0,"footnotes":""},"categories":[175],"tags":[239,223],"class_list":["post-62934","post","type-post","status-publish","format-standard","has-post-thumbnail","hentry","category-local","tag-gobierno","tag-puebla"],"amp_enabled":true,"_links":{"self":[{"href":"https:\/\/lahora.mx\/index.php\/wp-json\/wp\/v2\/posts\/62934","targetHints":{"allow":["GET"]}}],"collection":[{"href":"https:\/\/lahora.mx\/index.php\/wp-json\/wp\/v2\/posts"}],"about":[{"href":"https:\/\/lahora.mx\/index.php\/wp-json\/wp\/v2\/types\/post"}],"author":[{"embeddable":true,"href":"https:\/\/lahora.mx\/index.php\/wp-json\/wp\/v2\/users\/4"}],"replies":[{"embeddable":true,"href":"https:\/\/lahora.mx\/index.php\/wp-json\/wp\/v2\/comments?post=62934"}],"version-history":[{"count":1,"href":"https:\/\/lahora.mx\/index.php\/wp-json\/wp\/v2\/posts\/62934\/revisions"}],"predecessor-version":[{"id":62936,"href":"https:\/\/lahora.mx\/index.php\/wp-json\/wp\/v2\/posts\/62934\/revisions\/62936"}],"wp:featuredmedia":[{"embeddable":true,"href":"https:\/\/lahora.mx\/index.php\/wp-json\/wp\/v2\/media\/62935"}],"wp:attachment":[{"href":"https:\/\/lahora.mx\/index.php\/wp-json\/wp\/v2\/media?parent=62934"}],"wp:term":[{"taxonomy":"category","embeddable":true,"href":"https:\/\/lahora.mx\/index.php\/wp-json\/wp\/v2\/categories?post=62934"},{"taxonomy":"post_tag","embeddable":true,"href":"https:\/\/lahora.mx\/index.php\/wp-json\/wp\/v2\/tags?post=62934"}],"curies":[{"name":"wp","href":"https:\/\/api.w.org\/{rel}","templated":true}]}}