{"id":62927,"date":"2025-05-28T17:46:12","date_gmt":"2025-05-28T17:46:12","guid":{"rendered":"https:\/\/lahora.mx\/?p=62927"},"modified":"2025-05-28T17:46:13","modified_gmt":"2025-05-28T17:46:13","slug":"una-mina-terrestre-mata-a-6-militares-en-limites-de-jalisco-y-michoacan","status":"publish","type":"post","link":"https:\/\/lahora.mx\/index.php\/2025\/05\/28\/una-mina-terrestre-mata-a-6-militares-en-limites-de-jalisco-y-michoacan\/","title":{"rendered":"Una mina terrestre mata a 6 militares en l\u00edmites de Jalisco y Michoac\u00e1n"},"content":{"rendered":"\n<p>Seis soldados mexicanos muertos y dos heridos, dej\u00f3 una mina terrestre presuntamente colocada por el crimen organizado que explot\u00f3 al paso de un convoy en la localidad de El Santuario, en l\u00edmites entre Jalisco y Michoac\u00e1n.<\/p>\n\n\n\n<p>La unidad transitaba entre la noche de ayer y la madrugada de hoy por un camino de terracer\u00eda cuando el artefacto se activ\u00f3.<\/p>\n\n\n\n<p>Acorde con fuentes oficiales citadas por Milenio e Infobae, se trataba de una operaci\u00f3n en curso contra campamentos del C\u00e1rtel Jalisco Nueva Generaci\u00f3n (CJNG).<br><\/p>\n\n\n\n<p>Tras la explosi\u00f3n, los militares heridos fueron trasladados en helic\u00f3ptero a un hospital de la regi\u00f3n. Su estado de salud se reporta como grave.<\/p>\n\n\n\n<p>Hasta el momento solamente se confirm\u00f3 de manera extraoficial la identidad de dos de las v\u00edctimas. Se trata del segundo subinspector Jovany Rosales y el subagente Jorge Alberto Cruz Vel\u00e1zquez.<\/p>\n\n\n\n<p>Lucha con minas en montes de Jalisco y Michoac\u00e1n por control territorial<br>La emboscada ocurri\u00f3 en un territorio en disputa entre el CJNG y organizaciones criminales del narcotr\u00e1fico como Los Reyes, La Nueva Familia Michoacana y C\u00e1rteles Unidos.<\/p>\n\n\n\n<p>En esa regi\u00f3n \u2014que abarca municipios de Tierra Caliente como Tepalcatepec, Aguililla y Buenavista Tomatl\u00e1n\u2014 el uso de minas terrestres ha crecido de forma alarmante desde 2022.<\/p>\n\n\n\n<p>De acuerdo con datos de Infobae, desde esa fecha se documentaron decenas de casos en los que estos explosivos ya causaron muertes de militares y civiles.<\/p>\n\n\n\n<p>Las minas terrestres, en su mayor\u00eda de fabricaci\u00f3n casera, se convirtieron en estrategia recurrente del CJNG para obstaculizar el ingreso de las Fuerzas Armadas.<\/p>\n\n\n\n<p>As\u00ed es como los criminales se hacen del control total del territorio; con los explosivos generan terror entre las comunidades, quienes se sufren de desplazamiento forzado.<\/p>\n\n\n\n<p>La militarizaci\u00f3n de la lucha contra el crimen en regiones como Tierra Caliente gener\u00f3 ya un patr\u00f3n conocido y temido por los pobladores afectados.<\/p>\n\n\n\n<p>Los grupos criminales responden con armas de guerra a las embestidas militares, y el terreno \u2014en particular la sierra\u2014 se convierte en campo minado sin control institucional ni atenci\u00f3n civil.<\/p>\n\n\n\n<p>Silencio institucional, saldo mortal<br>A pesar de las muertes por la explosi\u00f3n de las minas terrestres, ni la Secretar\u00eda de la Defensa Nacional ni los gobiernos estatales de Jalisco y Michoac\u00e1n emitieron hasta la publicaci\u00f3n de esta nota declaraciones oficiales.<\/p>\n\n\n\n<p>Tampoco se confirm\u00f3 el n\u00famero o nombres de los militares. Durante la ma\u00f1anera del pueblo de la presidenta Claudia Sheinbaum de este mi\u00e9rcoles tampoco se abord\u00f3 el tema.<\/p>\n\n\n\n<p>Se espera que en las pr\u00f3ximas horas se difunda un parte formal sobre el incidente. Hasta entonces, el operativo permanecer\u00eda activo en la regi\u00f3n con fuerzas federales y estatales desplegadas para intentar localizar a los responsables.<\/p>\n\n\n\n<p>En lo que va de 2025 el Ej\u00e9rcito Mexicano decomis\u00f3 m\u00e1s de mil 200 artefactos explosivos improvisados, un tercio de ellos en Michoac\u00e1n.<\/p>\n","protected":false},"excerpt":{"rendered":"<p>Seis soldados mexicanos muertos y dos heridos, dej\u00f3 una mina terrestre presuntamente colocada por el crimen organizado que explot\u00f3 al paso de un convoy en la localidad de El Santuario, en l\u00edmites entre Jalisco y Michoac\u00e1n. La unidad transitaba entre la noche de ayer y la madrugada de hoy por un camino de terracer\u00eda cuando [&hellip;]<\/p>\n","protected":false},"author":4,"featured_media":62928,"comment_status":"open","ping_status":"open","sticky":false,"template":"","format":"standard","meta":{"om_disable_all_campaigns":false,"_monsterinsights_skip_tracking":false,"_monsterinsights_sitenote_active":false,"_monsterinsights_sitenote_note":"","_monsterinsights_sitenote_category":0,"footnotes":""},"categories":[175,176,226],"tags":[],"class_list":["post-62927","post","type-post","status-publish","format-standard","has-post-thumbnail","hentry","category-local","category-nacional","category-policia"],"amp_enabled":true,"_links":{"self":[{"href":"https:\/\/lahora.mx\/index.php\/wp-json\/wp\/v2\/posts\/62927","targetHints":{"allow":["GET"]}}],"collection":[{"href":"https:\/\/lahora.mx\/index.php\/wp-json\/wp\/v2\/posts"}],"about":[{"href":"https:\/\/lahora.mx\/index.php\/wp-json\/wp\/v2\/types\/post"}],"author":[{"embeddable":true,"href":"https:\/\/lahora.mx\/index.php\/wp-json\/wp\/v2\/users\/4"}],"replies":[{"embeddable":true,"href":"https:\/\/lahora.mx\/index.php\/wp-json\/wp\/v2\/comments?post=62927"}],"version-history":[{"count":1,"href":"https:\/\/lahora.mx\/index.php\/wp-json\/wp\/v2\/posts\/62927\/revisions"}],"predecessor-version":[{"id":62929,"href":"https:\/\/lahora.mx\/index.php\/wp-json\/wp\/v2\/posts\/62927\/revisions\/62929"}],"wp:featuredmedia":[{"embeddable":true,"href":"https:\/\/lahora.mx\/index.php\/wp-json\/wp\/v2\/media\/62928"}],"wp:attachment":[{"href":"https:\/\/lahora.mx\/index.php\/wp-json\/wp\/v2\/media?parent=62927"}],"wp:term":[{"taxonomy":"category","embeddable":true,"href":"https:\/\/lahora.mx\/index.php\/wp-json\/wp\/v2\/categories?post=62927"},{"taxonomy":"post_tag","embeddable":true,"href":"https:\/\/lahora.mx\/index.php\/wp-json\/wp\/v2\/tags?post=62927"}],"curies":[{"name":"wp","href":"https:\/\/api.w.org\/{rel}","templated":true}]}}