{"id":62924,"date":"2025-05-28T17:26:13","date_gmt":"2025-05-28T17:26:13","guid":{"rendered":"https:\/\/lahora.mx\/?p=62924"},"modified":"2025-05-28T17:26:15","modified_gmt":"2025-05-28T17:26:15","slug":"gobierno-de-la-ciudad-moderniza-alumbrado-publico-en-agua-santa","status":"publish","type":"post","link":"https:\/\/lahora.mx\/index.php\/2025\/05\/28\/gobierno-de-la-ciudad-moderniza-alumbrado-publico-en-agua-santa\/","title":{"rendered":"Gobierno de la Ciudad moderniza alumbrado p\u00fablico en Agua Santa"},"content":{"rendered":"\n<p>El presidente municipal Pepe Chedraui Budib, inaugur\u00f3 la instalaci\u00f3n de 354 luminarias con tecnolog\u00eda LED en la Unidad Habitacional de Agua Santa, como parte de la estrategia Puebla Brilla.<\/p>\n\n\n\n<p>El prop\u00f3sito de fortalecer la seguridad de los ciudadanos, as\u00ed como garantizar calles iluminadas de manera sostenible en la capital poblana, se\u00f1al\u00f3 el presidente municipal.<\/p>\n\n\n\n<p>Gobierno de la Ciudad moderniza alumbrado p\u00fablico en Agua Santa<br>En beneficio de m\u00e1s de 13 mil 100 habitantes, el Gobierno de la Ciudad, a trav\u00e9s de la Secretar\u00eda de Servicios P\u00fablicos, moderniz\u00f3 el sistema de alumbrado p\u00fablico de la zona, cubriendo el 100 por ciento del universo de 511, ya que \u00fanicamente 157 l\u00e1mparas contaban con dicho sistema.<\/p>\n\n\n\n<p>El edil expuso que a trav\u00e9s del programa Puebla Brilla se sigue transformando la ciudad con acciones que modernizan el alumbrado p\u00fablico y hacen de Puebla una capital m\u00e1s iluminada y eficiente y segura.<\/p>\n\n\n\n<p>\u00abHoy inauguramos con gran orgullo 354 luminarias LED en la Unidad Habitacional Agua Santa, logrando que esta zona quede completamente iluminada con tecnolog\u00eda moderna y eficiente. Con el programa Puebla Brilla, seguimos cumpliendo nuestro compromiso de brindar m\u00e1s seguridad, sostenibilidad y mejores servicios p\u00fablicos a las y los poblanos\u00bb, puntualiz\u00f3.<\/p>\n\n\n\n<p>Gobierno de la Ciudad moderniza alumbrado p\u00fablico en Agua Santa<br>En su mensaje, el secretario de Servicios P\u00fablicos, Clemente G\u00f3mez Medina, enfatiz\u00f3 que la instrucci\u00f3n del presidente municipal Pepe Chedraui es garantizar m\u00e1s y mejores servicios p\u00fablicos para la ciudadan\u00eda, sobre todo el de alumbrado p\u00fablico que favorece el bienestar de las familias que transitan seguros por las noches.<\/p>\n\n\n\n<p>El Gobierno de la Ciudad busca modernizar el parque lum\u00ednico del municipio con la sustituci\u00f3n de 49 mil luminarias obsoletas por tecnolog\u00eda LED, a trav\u00e9s de la estrategia Puebla Brilla.<\/p>\n","protected":false},"excerpt":{"rendered":"<p>El presidente municipal Pepe Chedraui Budib, inaugur\u00f3 la instalaci\u00f3n de 354 luminarias con tecnolog\u00eda LED en la Unidad Habitacional de Agua Santa, como parte de la estrategia Puebla Brilla. El prop\u00f3sito de fortalecer la seguridad de los ciudadanos, as\u00ed como garantizar calles iluminadas de manera sostenible en la capital poblana, se\u00f1al\u00f3 el presidente municipal. Gobierno [&hellip;]<\/p>\n","protected":false},"author":4,"featured_media":62925,"comment_status":"open","ping_status":"open","sticky":false,"template":"","format":"standard","meta":{"om_disable_all_campaigns":false,"_monsterinsights_skip_tracking":false,"_monsterinsights_sitenote_active":false,"_monsterinsights_sitenote_note":"","_monsterinsights_sitenote_category":0,"footnotes":""},"categories":[175],"tags":[223],"class_list":["post-62924","post","type-post","status-publish","format-standard","has-post-thumbnail","hentry","category-local","tag-puebla"],"amp_enabled":true,"_links":{"self":[{"href":"https:\/\/lahora.mx\/index.php\/wp-json\/wp\/v2\/posts\/62924","targetHints":{"allow":["GET"]}}],"collection":[{"href":"https:\/\/lahora.mx\/index.php\/wp-json\/wp\/v2\/posts"}],"about":[{"href":"https:\/\/lahora.mx\/index.php\/wp-json\/wp\/v2\/types\/post"}],"author":[{"embeddable":true,"href":"https:\/\/lahora.mx\/index.php\/wp-json\/wp\/v2\/users\/4"}],"replies":[{"embeddable":true,"href":"https:\/\/lahora.mx\/index.php\/wp-json\/wp\/v2\/comments?post=62924"}],"version-history":[{"count":1,"href":"https:\/\/lahora.mx\/index.php\/wp-json\/wp\/v2\/posts\/62924\/revisions"}],"predecessor-version":[{"id":62926,"href":"https:\/\/lahora.mx\/index.php\/wp-json\/wp\/v2\/posts\/62924\/revisions\/62926"}],"wp:featuredmedia":[{"embeddable":true,"href":"https:\/\/lahora.mx\/index.php\/wp-json\/wp\/v2\/media\/62925"}],"wp:attachment":[{"href":"https:\/\/lahora.mx\/index.php\/wp-json\/wp\/v2\/media?parent=62924"}],"wp:term":[{"taxonomy":"category","embeddable":true,"href":"https:\/\/lahora.mx\/index.php\/wp-json\/wp\/v2\/categories?post=62924"},{"taxonomy":"post_tag","embeddable":true,"href":"https:\/\/lahora.mx\/index.php\/wp-json\/wp\/v2\/tags?post=62924"}],"curies":[{"name":"wp","href":"https:\/\/api.w.org\/{rel}","templated":true}]}}