{"id":62921,"date":"2025-05-28T16:58:59","date_gmt":"2025-05-28T16:58:59","guid":{"rendered":"https:\/\/lahora.mx\/?p=62921"},"modified":"2025-05-28T16:59:00","modified_gmt":"2025-05-28T16:59:00","slug":"armenta-y-brugada-firmaran-convenio-de-colaboracion-en-materia-de-transporte-publico","status":"publish","type":"post","link":"https:\/\/lahora.mx\/index.php\/2025\/05\/28\/armenta-y-brugada-firmaran-convenio-de-colaboracion-en-materia-de-transporte-publico\/","title":{"rendered":"Armenta y Brugada firmar\u00e1n convenio de colaboraci\u00f3n en materia de transporte p\u00fablico"},"content":{"rendered":"\n<p>Con la visi\u00f3n de que el\u00a0<strong>transporte p\u00fablico es un derecho, un acto de justicia social y genera bienestar para las familias poblanas, el gobernador de Puebla, Alejandro Armenta y el secretario de Movilidad de la CDMX, H\u00e9ctor Ulises Garc\u00eda Nieto<\/strong>, celebraron una\u00a0<strong>mesa de trabajo para que en pr\u00f3ximos d\u00edas se lleve a cabo una Firma de Convenio de Colaboraci\u00f3n Interinstitucional y se brinde asesoramiento de la implementaci\u00f3n en Puebla del transporte el\u00e9ctrico o Tren Ligero<\/strong>.<br><br>En este marco, el secretario de Movilidad de Ciudad de M\u00e9xico, H\u00e9ctor Ulises Garc\u00eda Nieto, refiri\u00f3 que el Gobierno de la Ciudad de M\u00e9xico y de Puebla, trabajan en conjunto y reconoci\u00f3 el inter\u00e9s del gobernador de Puebla por el desarrollo de la entidad. En este sentido, el funcionario otorg\u00f3 todo el apoyo para garantizar la puesta en marcha de este medio de transporte, que cumplir\u00e1 con una funci\u00f3n tur\u00edstica y de servicio a la poblaci\u00f3n, similar a la L\u00ednea 3 en la Ciudad de M\u00e9xico.<\/p>\n\n\n\n<p>\u00abEstamos contentos de que nos busquen de diferentes estados, la realidad es que somos continuadores de la pol\u00edtica de la hoy presidenta de M\u00e9xico, Claudia Sheinbaum. Muchos gobernadores se acercan para conocer sobre estos proyectos\u00bb, enfatiz\u00f3 H\u00e9ctor Ulises Garc\u00eda.<\/p>\n\n\n\n<p>Con la visi\u00f3n humanista y bio\u00e9tica de un sistema integral de transporte, el gobernador de Puebla, Alejandro Armenta, subray\u00f3 que es muy importante la orientaci\u00f3n y experiencia de las autoridades del Gobierno de la Ciudad M\u00e9xico, al contar con una movilidad sostenible e integral.<\/p>\n\n\n\n<p>Asimismo, el mandatario estatal puntualiz\u00f3 que el Gobierno del Estado realiza un esfuerzo para rescatar v\u00edas f\u00e9rreas y desahogar el tr\u00e1nsito de Puebla a Atlixco, con el prop\u00f3sito de contar con un transporte p\u00fablico que permita ordenar el servicio, mejorar la conectividad y disminuir el impacto al medio ambiente.<\/p>\n\n\n\n<p>Cabe se\u00f1alar que, en los pr\u00f3ximos d\u00edas, la jefa de Gobierno de la Ciudad de M\u00e9xico, Clara Brugada y el gobernador Alejandro Armenta, celebrar\u00e1n la Firma de Convenio, para que Puebla cuente con un transporte p\u00fablico eficiente y de calidad.<\/p>\n\n\n\n<p>En la mesa de trabajo estuvieron presentes el director general del Servicio de Transportes El\u00e9ctricos de CDMX, Mart\u00edn L\u00f3pez Delgado; y el secretario de Infraestructura del Gobierno de Puebla, Jos\u00e9 Manuel Contreras de los Santos.<\/p>\n","protected":false},"excerpt":{"rendered":"<p>Con la visi\u00f3n de que el\u00a0transporte p\u00fablico es un derecho, un acto de justicia social y genera bienestar para las familias poblanas, el gobernador de Puebla, Alejandro Armenta y el secretario de Movilidad de la CDMX, H\u00e9ctor Ulises Garc\u00eda Nieto, celebraron una\u00a0mesa de trabajo para que en pr\u00f3ximos d\u00edas se lleve a cabo una Firma [&hellip;]<\/p>\n","protected":false},"author":4,"featured_media":62922,"comment_status":"open","ping_status":"open","sticky":false,"template":"","format":"standard","meta":{"om_disable_all_campaigns":false,"_monsterinsights_skip_tracking":false,"_monsterinsights_sitenote_active":false,"_monsterinsights_sitenote_note":"","_monsterinsights_sitenote_category":0,"footnotes":""},"categories":[175],"tags":[239,195,223],"class_list":["post-62921","post","type-post","status-publish","format-standard","has-post-thumbnail","hentry","category-local","tag-gobierno","tag-principal","tag-puebla"],"amp_enabled":true,"_links":{"self":[{"href":"https:\/\/lahora.mx\/index.php\/wp-json\/wp\/v2\/posts\/62921","targetHints":{"allow":["GET"]}}],"collection":[{"href":"https:\/\/lahora.mx\/index.php\/wp-json\/wp\/v2\/posts"}],"about":[{"href":"https:\/\/lahora.mx\/index.php\/wp-json\/wp\/v2\/types\/post"}],"author":[{"embeddable":true,"href":"https:\/\/lahora.mx\/index.php\/wp-json\/wp\/v2\/users\/4"}],"replies":[{"embeddable":true,"href":"https:\/\/lahora.mx\/index.php\/wp-json\/wp\/v2\/comments?post=62921"}],"version-history":[{"count":1,"href":"https:\/\/lahora.mx\/index.php\/wp-json\/wp\/v2\/posts\/62921\/revisions"}],"predecessor-version":[{"id":62923,"href":"https:\/\/lahora.mx\/index.php\/wp-json\/wp\/v2\/posts\/62921\/revisions\/62923"}],"wp:featuredmedia":[{"embeddable":true,"href":"https:\/\/lahora.mx\/index.php\/wp-json\/wp\/v2\/media\/62922"}],"wp:attachment":[{"href":"https:\/\/lahora.mx\/index.php\/wp-json\/wp\/v2\/media?parent=62921"}],"wp:term":[{"taxonomy":"category","embeddable":true,"href":"https:\/\/lahora.mx\/index.php\/wp-json\/wp\/v2\/categories?post=62921"},{"taxonomy":"post_tag","embeddable":true,"href":"https:\/\/lahora.mx\/index.php\/wp-json\/wp\/v2\/tags?post=62921"}],"curies":[{"name":"wp","href":"https:\/\/api.w.org\/{rel}","templated":true}]}}