{"id":6292,"date":"2022-04-30T01:56:07","date_gmt":"2022-04-30T01:56:07","guid":{"rendered":"http:\/\/lahora.mx\/?p=6292"},"modified":"2022-04-30T01:56:08","modified_gmt":"2022-04-30T01:56:08","slug":"cuidado-chicas-denuncian-en-redes-intento-de-secuestro-a-una-mujer-en-fraccionamiento-los-heroes","status":"publish","type":"post","link":"https:\/\/lahora.mx\/index.php\/2022\/04\/30\/cuidado-chicas-denuncian-en-redes-intento-de-secuestro-a-una-mujer-en-fraccionamiento-los-heroes\/","title":{"rendered":"!Cuidado Chicas\u00a1 Denuncian en redes intento de secuestro a una mujer en Fraccionamiento Los H\u00e9roes"},"content":{"rendered":"\n<p>Por<strong> la ma\u00f1ana<\/strong> de este viernes \u00a0nuevamente se registr\u00f3 otro caso de intento de secuentro en contra de una mujer  ahora los hechos ocurrieron en\u00a0<strong>inmediaciones<\/strong>\u00a0del\u00a0<strong>Fraccionamiento Los H\u00e9roes<\/strong>\u00a0y el\u00a0<strong>Perif\u00e9rico Ecol\u00f3gico<\/strong>, donde dos\u00a0<strong>sujetos bajaron de un autom\u00f3vil Aveo<\/strong>\u00a0color blanco con vidrios polarizados para darle\u00a0<strong>alcance a una joven<\/strong>, pero por fortuna unos\u00a0<strong>vecinos la auxiliaron<\/strong>.<br><\/p>\n\n\n\n<p>De acuerdo con una&nbsp;<strong>denuncia a trav\u00e9s de Twitter<\/strong>&nbsp;se expuso otro caso de&nbsp;<strong>intento de levant\u00f3n<\/strong>&nbsp;en&nbsp;<strong>contra de una joven<\/strong>, de acuerdo con la denuncia fue en la salida del&nbsp;<strong>fraccionamiento Los H\u00e9roes<\/strong>&nbsp;aunque no se especific\u00f3 en qu\u00e9 punto exacto.<\/p>\n\n\n\n<p>Los\u00a0<strong>denunciantes\u00a0<\/strong>se\u00f1alaron que ellos\u00a0<strong>estaban caminando<\/strong>\u00a0y metros m\u00e1s adelante iba una joven, cuando\u00a0<strong>de un terreno vieron salir un autom\u00f3vil<\/strong>\u00a0blanco tipo Aveo modelo 2006 o 2008 de donde\u00a0<strong>se bajaron dos sujetos<\/strong>\u00a0y comenzaron a\u00a0<strong>caminar r\u00e1pidamente<\/strong>\u00a0hacia donde estaba la\u00a0<strong>poblana<\/strong>.<br><\/p>\n\n\n\n<p>Ante ello, la&nbsp;<strong>v\u00edctima al percatarse<\/strong>&nbsp;de que la andaban siguiendo,&nbsp;<strong>volte\u00f3 y corri\u00f3<\/strong>&nbsp;hacia&nbsp;<strong>donde estaban los testigos<\/strong>&nbsp;y se puso en medio de ambos para que la auxiliaran, tambi\u00e9n ellos avanzaron unos metros para que ella no corriera tanto y ah\u00ed a los delincuentes no les qued\u00f3 de otra m\u00e1s que&nbsp;<strong>darse a la fuga<\/strong>.<\/p>\n\n\n\n<p>Cabe mencionar que este hecho&nbsp;<strong>ser\u00eda el intento de secuestro 18<\/strong>&nbsp;en lo que va del&nbsp;<strong>mes de abril<\/strong>.<\/p>\n","protected":false},"excerpt":{"rendered":"<p>Por la ma\u00f1ana de este viernes \u00a0nuevamente se registr\u00f3 otro caso de intento de secuentro en contra de una mujer ahora los hechos ocurrieron en\u00a0inmediaciones\u00a0del\u00a0Fraccionamiento Los H\u00e9roes\u00a0y el\u00a0Perif\u00e9rico Ecol\u00f3gico, donde dos\u00a0sujetos bajaron de un autom\u00f3vil Aveo\u00a0color blanco con vidrios polarizados para darle\u00a0alcance a una joven, pero por fortuna unos\u00a0vecinos la auxiliaron. De acuerdo con una&nbsp;denuncia [&hellip;]<\/p>\n","protected":false},"author":4,"featured_media":6293,"comment_status":"open","ping_status":"open","sticky":false,"template":"","format":"standard","meta":{"om_disable_all_campaigns":false,"_monsterinsights_skip_tracking":false,"_monsterinsights_sitenote_active":false,"_monsterinsights_sitenote_note":"","_monsterinsights_sitenote_category":0,"footnotes":""},"categories":[175,226],"tags":[195,223],"class_list":["post-6292","post","type-post","status-publish","format-standard","has-post-thumbnail","hentry","category-local","category-policia","tag-principal","tag-puebla"],"amp_enabled":true,"_links":{"self":[{"href":"https:\/\/lahora.mx\/index.php\/wp-json\/wp\/v2\/posts\/6292","targetHints":{"allow":["GET"]}}],"collection":[{"href":"https:\/\/lahora.mx\/index.php\/wp-json\/wp\/v2\/posts"}],"about":[{"href":"https:\/\/lahora.mx\/index.php\/wp-json\/wp\/v2\/types\/post"}],"author":[{"embeddable":true,"href":"https:\/\/lahora.mx\/index.php\/wp-json\/wp\/v2\/users\/4"}],"replies":[{"embeddable":true,"href":"https:\/\/lahora.mx\/index.php\/wp-json\/wp\/v2\/comments?post=6292"}],"version-history":[{"count":1,"href":"https:\/\/lahora.mx\/index.php\/wp-json\/wp\/v2\/posts\/6292\/revisions"}],"predecessor-version":[{"id":6294,"href":"https:\/\/lahora.mx\/index.php\/wp-json\/wp\/v2\/posts\/6292\/revisions\/6294"}],"wp:featuredmedia":[{"embeddable":true,"href":"https:\/\/lahora.mx\/index.php\/wp-json\/wp\/v2\/media\/6293"}],"wp:attachment":[{"href":"https:\/\/lahora.mx\/index.php\/wp-json\/wp\/v2\/media?parent=6292"}],"wp:term":[{"taxonomy":"category","embeddable":true,"href":"https:\/\/lahora.mx\/index.php\/wp-json\/wp\/v2\/categories?post=6292"},{"taxonomy":"post_tag","embeddable":true,"href":"https:\/\/lahora.mx\/index.php\/wp-json\/wp\/v2\/tags?post=6292"}],"curies":[{"name":"wp","href":"https:\/\/api.w.org\/{rel}","templated":true}]}}