{"id":62908,"date":"2025-05-28T02:19:49","date_gmt":"2025-05-28T02:19:49","guid":{"rendered":"https:\/\/lahora.mx\/?p=62908"},"modified":"2025-05-28T02:19:50","modified_gmt":"2025-05-28T02:19:50","slug":"roberto-solis-entrego-la-cuarta-carretera-rehabilitada-en-huejotzingo","status":"publish","type":"post","link":"https:\/\/lahora.mx\/index.php\/2025\/05\/28\/roberto-solis-entrego-la-cuarta-carretera-rehabilitada-en-huejotzingo\/","title":{"rendered":"Roberto Sol\u00eds, entreg\u00f3 la cuarta carretera rehabilitada en Huejotzingo"},"content":{"rendered":"\n<p>A tan solo siete meses de haber iniciado su administraci\u00f3n, el Presidente Municipal de Huejotzingo, Roberto Sol\u00eds Valles, entreg\u00f3 la cuarta carretera rehabilitada como parte del programa \u201cRescate Carretero\u201d, una estrategia de mejora vial sin precedentes en el Pueblo M\u00e1gico.<\/p>\n\n\n\n<p>La carretera federal M\u00e9xico-Puebla, principal arteria vial del Municipio y transitada diariamente por miles de automovilistas, fue renovada con la pavimentaci\u00f3n de concreto asf\u00e1ltico de 10 cent\u00edmetros de espesor, garantizando una durabilidad m\u00ednima de 10 a\u00f1os.<\/p>\n\n\n\n<p>Esta v\u00eda, que no hab\u00eda sido intervenida desde su construcci\u00f3n original, fue rehabilitada gracias a los esfuerzos conjuntos del Gobierno del Estado y el Gobierno Municipal de Huejotzingo.<\/p>\n\n\n\n<p>En su discurso, el edil destac\u00f3 el impacto positivo de esta obra, que representa la principal entrada y salida del Municipio, fortaleciendo la conectividad y la infraestructura local. Este logro, alcanzado en menos de un a\u00f1o de gesti\u00f3n, refleja el compromiso de la administraci\u00f3n municipal con el desarrollo de Huejotzingo.<\/p>\n\n\n\n<p>\u201cDesde su origen, esta carretera nunca hab\u00eda sido reconstruida hasta hoy; Huejotzingo tiene entradas viales dignas y poco a poco vamos construyendo al Municipio ching\u00f3n que todos queremos\u201d, finaliz\u00f3 el edil.<\/p>\n","protected":false},"excerpt":{"rendered":"<p>A tan solo siete meses de haber iniciado su administraci\u00f3n, el Presidente Municipal de Huejotzingo, Roberto Sol\u00eds Valles, entreg\u00f3 la cuarta carretera rehabilitada como parte del programa \u201cRescate Carretero\u201d, una estrategia de mejora vial sin precedentes en el Pueblo M\u00e1gico. La carretera federal M\u00e9xico-Puebla, principal arteria vial del Municipio y transitada diariamente por miles de [&hellip;]<\/p>\n","protected":false},"author":4,"featured_media":62909,"comment_status":"open","ping_status":"open","sticky":false,"template":"","format":"standard","meta":{"om_disable_all_campaigns":false,"_monsterinsights_skip_tracking":false,"_monsterinsights_sitenote_active":false,"_monsterinsights_sitenote_note":"","_monsterinsights_sitenote_category":0,"footnotes":""},"categories":[175],"tags":[223],"class_list":["post-62908","post","type-post","status-publish","format-standard","has-post-thumbnail","hentry","category-local","tag-puebla"],"amp_enabled":true,"_links":{"self":[{"href":"https:\/\/lahora.mx\/index.php\/wp-json\/wp\/v2\/posts\/62908","targetHints":{"allow":["GET"]}}],"collection":[{"href":"https:\/\/lahora.mx\/index.php\/wp-json\/wp\/v2\/posts"}],"about":[{"href":"https:\/\/lahora.mx\/index.php\/wp-json\/wp\/v2\/types\/post"}],"author":[{"embeddable":true,"href":"https:\/\/lahora.mx\/index.php\/wp-json\/wp\/v2\/users\/4"}],"replies":[{"embeddable":true,"href":"https:\/\/lahora.mx\/index.php\/wp-json\/wp\/v2\/comments?post=62908"}],"version-history":[{"count":1,"href":"https:\/\/lahora.mx\/index.php\/wp-json\/wp\/v2\/posts\/62908\/revisions"}],"predecessor-version":[{"id":62910,"href":"https:\/\/lahora.mx\/index.php\/wp-json\/wp\/v2\/posts\/62908\/revisions\/62910"}],"wp:featuredmedia":[{"embeddable":true,"href":"https:\/\/lahora.mx\/index.php\/wp-json\/wp\/v2\/media\/62909"}],"wp:attachment":[{"href":"https:\/\/lahora.mx\/index.php\/wp-json\/wp\/v2\/media?parent=62908"}],"wp:term":[{"taxonomy":"category","embeddable":true,"href":"https:\/\/lahora.mx\/index.php\/wp-json\/wp\/v2\/categories?post=62908"},{"taxonomy":"post_tag","embeddable":true,"href":"https:\/\/lahora.mx\/index.php\/wp-json\/wp\/v2\/tags?post=62908"}],"curies":[{"name":"wp","href":"https:\/\/api.w.org\/{rel}","templated":true}]}}