{"id":62898,"date":"2025-05-28T01:08:41","date_gmt":"2025-05-28T01:08:41","guid":{"rendered":"https:\/\/lahora.mx\/?p=62898"},"modified":"2025-05-28T01:09:57","modified_gmt":"2025-05-28T01:09:57","slug":"en-junio-se-retomara-la-revista-vehicular-en-puebla","status":"publish","type":"post","link":"https:\/\/lahora.mx\/index.php\/2025\/05\/28\/en-junio-se-retomara-la-revista-vehicular-en-puebla\/","title":{"rendered":"En junio se retomar\u00e1 la revista vehicular en Puebla"},"content":{"rendered":"\n<p>Para junio se llevar\u00e1 a cabo la revista vehicular en Puebla, a trav\u00e9s de la cual se conocer\u00e1 en qu\u00e9 estado se encuentran las concesiones y las unidades de transporte p\u00fablico en la entidad, desde autobuses, urvan y taxis. <\/p>\n\n\n\n<p>Debido a ello, la Secretar\u00eda de Movilidad y Transporte (SMT) lanz\u00f3 una segunda licitaci\u00f3n p\u00fablica nacional, en donde convoca a empresas interesadas en hacerse cargo de este proceso, que es parte del Programa Integral de Modernizaci\u00f3n y Reordenamiento del Transporte P\u00fablico.<\/p>\n\n\n\n<p>Fue en el primer trimestre de este a\u00f1o, cuando se public\u00f3 sin \u00e9xito la primera convocatoria, dado que ninguna empresa de las que particip\u00f3 cumpli\u00f3 con los requerimientos t\u00e9cnicos, ante lo cual la secretaria del ramo, Silvia Tanus Osorio, anunci\u00f3 que la revista vehicular se postergar\u00eda para el segundo semestre de 2025.<\/p>\n\n\n\n<p>El principal argumento del gobierno para llevar a cabo la revista vehicular es que hace m\u00e1s de 12 a\u00f1os no se hace una revisi\u00f3n a las concesiones y permisos existentes. De manera que con el servicio que se pretende contratar, la empresa deber\u00e1 elaborar un censo actualizado.<\/p>\n\n\n\n<p>Seg\u00fan las especificaciones, la revista se realizar\u00e1 a partir de la segunda semana de junio y hasta el 30 de noviembre de 2025, en varios municipios del interior del estado.<\/p>\n\n\n\n<p>El proceso consistir\u00e1 en la revisi\u00f3n documental e inspecci\u00f3n f\u00edsica mec\u00e1nica de las unidades que prestan el servicio de transporte p\u00fablico, adem\u00e1s de que el proveedor deber\u00e1 registrar en la plataforma digital a las personas concesionarias y permisionarias que cumplieron.<\/p>\n\n\n\n<p>De igual forma, se pide verificar si la persona concesionaria y permisionaria cumple con la documentaci\u00f3n para el censo. Ambos reportes deber\u00e1n ser entregados de manera mensual.<\/p>\n\n\n\n<p>De la revisi\u00f3n f\u00edsica mec\u00e1nica<br>Sobre la inspecci\u00f3n f\u00edsico-mec\u00e1nica de los veh\u00edculos, se menciona que debe tomarse fotograf\u00edas del interior y exterior de cada unidad, las cuales tendr\u00e1n que ser claras y n\u00edtidas para cargarse en el expediente correspondiente.<\/p>\n\n\n\n<p>En caso de no existir observaciones, se proceder\u00e1 a colocar el holograma como evidencia de que el proceso fue satisfactorio.<\/p>\n\n\n\n<p>Por el contrario, si se detectan anomal\u00edas el concesionario o permisionario tendr\u00e1 la posibilidad de corregir las observaciones relacionadas con los conceptos o componentes no aprobados durante la inspecci\u00f3n. Incluso, tendr\u00e1 la posibilidad de solicitar una nueva revisi\u00f3n (tanto documental como f\u00edsico-mec\u00e1nica) durante el lapso del periodo del servicio y el proveedor deber\u00e1 informar si podr\u00e1 asistir a la misma sede u otra.<\/p>\n\n\n\n<p>La Secretar\u00eda de Finanzas y Administraci\u00f3n estableci\u00f3 como fecha para la presentaci\u00f3n de propuestas t\u00e9cnicas el 6 de junio, mientras que las propuestas econ\u00f3micas se entregar\u00e1n el 10 del mismo mes.<\/p>\n\n\n\n<p>Mientras que el nombre de la empresa ganadora se conocer\u00e1 el 12 de junio.<\/p>\n","protected":false},"excerpt":{"rendered":"<p>Para junio se llevar\u00e1 a cabo la revista vehicular en Puebla, a trav\u00e9s de la cual se conocer\u00e1 en qu\u00e9 estado se encuentran las concesiones y las unidades de transporte p\u00fablico en la entidad, desde autobuses, urvan y taxis. Debido a ello, la Secretar\u00eda de Movilidad y Transporte (SMT) lanz\u00f3 una segunda licitaci\u00f3n p\u00fablica nacional, [&hellip;]<\/p>\n","protected":false},"author":4,"featured_media":62901,"comment_status":"open","ping_status":"open","sticky":false,"template":"","format":"standard","meta":{"om_disable_all_campaigns":false,"_monsterinsights_skip_tracking":false,"_monsterinsights_sitenote_active":false,"_monsterinsights_sitenote_note":"","_monsterinsights_sitenote_category":0,"footnotes":""},"categories":[175],"tags":[223],"class_list":["post-62898","post","type-post","status-publish","format-standard","has-post-thumbnail","hentry","category-local","tag-puebla"],"amp_enabled":true,"_links":{"self":[{"href":"https:\/\/lahora.mx\/index.php\/wp-json\/wp\/v2\/posts\/62898","targetHints":{"allow":["GET"]}}],"collection":[{"href":"https:\/\/lahora.mx\/index.php\/wp-json\/wp\/v2\/posts"}],"about":[{"href":"https:\/\/lahora.mx\/index.php\/wp-json\/wp\/v2\/types\/post"}],"author":[{"embeddable":true,"href":"https:\/\/lahora.mx\/index.php\/wp-json\/wp\/v2\/users\/4"}],"replies":[{"embeddable":true,"href":"https:\/\/lahora.mx\/index.php\/wp-json\/wp\/v2\/comments?post=62898"}],"version-history":[{"count":2,"href":"https:\/\/lahora.mx\/index.php\/wp-json\/wp\/v2\/posts\/62898\/revisions"}],"predecessor-version":[{"id":62903,"href":"https:\/\/lahora.mx\/index.php\/wp-json\/wp\/v2\/posts\/62898\/revisions\/62903"}],"wp:featuredmedia":[{"embeddable":true,"href":"https:\/\/lahora.mx\/index.php\/wp-json\/wp\/v2\/media\/62901"}],"wp:attachment":[{"href":"https:\/\/lahora.mx\/index.php\/wp-json\/wp\/v2\/media?parent=62898"}],"wp:term":[{"taxonomy":"category","embeddable":true,"href":"https:\/\/lahora.mx\/index.php\/wp-json\/wp\/v2\/categories?post=62898"},{"taxonomy":"post_tag","embeddable":true,"href":"https:\/\/lahora.mx\/index.php\/wp-json\/wp\/v2\/tags?post=62898"}],"curies":[{"name":"wp","href":"https:\/\/api.w.org\/{rel}","templated":true}]}}