{"id":62895,"date":"2025-05-28T01:07:39","date_gmt":"2025-05-28T01:07:39","guid":{"rendered":"https:\/\/lahora.mx\/?p=62895"},"modified":"2025-05-28T01:07:40","modified_gmt":"2025-05-28T01:07:40","slug":"tras-no-tener-facultad-cabildo-de-calpan-pide-al-congreso-remocion-de-edil","status":"publish","type":"post","link":"https:\/\/lahora.mx\/index.php\/2025\/05\/28\/tras-no-tener-facultad-cabildo-de-calpan-pide-al-congreso-remocion-de-edil\/","title":{"rendered":"Tras no tener facultad; Cabildo de Calpan pide al Congreso remoci\u00f3n de edil"},"content":{"rendered":"\n<p>El Cabildo del municipio de San Andr\u00e9s Calpan solicitar\u00e1 al Congreso de Puebla la remoci\u00f3n oficial de Vicente S\u00e1nchez M\u00e9ndez como presidente municipal, luego de que en sesi\u00f3n extraordinaria realizada este martes 27 de mayo se aprobara su destituci\u00f3n por presuntas irregularidades administrativas.<\/p>\n\n\n\n<p>Durante la sesi\u00f3n, los ocho regidores votaron por unanimidad a favor de la remoci\u00f3n de S\u00e1nchez M\u00e9ndez. En su lugar, fue designado Bert\u00edn Bermeo Morales como alcalde interino, lo que deriv\u00f3 en una situaci\u00f3n en la que dos personas reclaman el mismo cargo en la administraci\u00f3n local.<\/p>\n\n\n\n<p>De acuerdo con el Art\u00edculo 60 de la Ley Org\u00e1nica Municipal, la facultad para suspender o revocar el mandato de un presidente municipal corresponde \u00fanicamente al Congreso del Estado, raz\u00f3n por la cual el Cabildo se traslad\u00f3 a la sede legislativa para formalizar su solicitud.<\/p>\n\n\n\n<p>Durante la misma sesi\u00f3n, tambi\u00e9n se destituy\u00f3 a la contralora municipal, Reyna Marcos Flores, luego de que se negara a entregar informaci\u00f3n financiera correspondiente a la administraci\u00f3n de Vicente S\u00e1nchez. Argument\u00f3 que no pod\u00eda hacerlo sin la presencia del edil destituido y que dicho proceso deb\u00eda ser supervisado por personal del Congreso.<\/p>\n\n\n\n<p>S\u00e1nchez M\u00e9ndez no asisti\u00f3 a la sesi\u00f3n pese a que fue notificado previamente, de acuerdo con los integrantes del Cabildo. La remoci\u00f3n se fundament\u00f3 en presuntos actos de corrupci\u00f3n y malos manejos administrativos.<\/p>\n\n\n\n<p>La resoluci\u00f3n final sobre la validez de la remoci\u00f3n y el nombramiento del edil interino quedar\u00e1 en manos del Congreso local, que deber\u00e1 revisar la legalidad del procedimiento y determinar si procede la separaci\u00f3n definitiva del cargo.<\/p>\n","protected":false},"excerpt":{"rendered":"<p>El Cabildo del municipio de San Andr\u00e9s Calpan solicitar\u00e1 al Congreso de Puebla la remoci\u00f3n oficial de Vicente S\u00e1nchez M\u00e9ndez como presidente municipal, luego de que en sesi\u00f3n extraordinaria realizada este martes 27 de mayo se aprobara su destituci\u00f3n por presuntas irregularidades administrativas. Durante la sesi\u00f3n, los ocho regidores votaron por unanimidad a favor de [&hellip;]<\/p>\n","protected":false},"author":4,"featured_media":62896,"comment_status":"open","ping_status":"open","sticky":false,"template":"","format":"standard","meta":{"om_disable_all_campaigns":false,"_monsterinsights_skip_tracking":false,"_monsterinsights_sitenote_active":false,"_monsterinsights_sitenote_note":"","_monsterinsights_sitenote_category":0,"footnotes":""},"categories":[175],"tags":[223],"class_list":["post-62895","post","type-post","status-publish","format-standard","has-post-thumbnail","hentry","category-local","tag-puebla"],"amp_enabled":true,"_links":{"self":[{"href":"https:\/\/lahora.mx\/index.php\/wp-json\/wp\/v2\/posts\/62895","targetHints":{"allow":["GET"]}}],"collection":[{"href":"https:\/\/lahora.mx\/index.php\/wp-json\/wp\/v2\/posts"}],"about":[{"href":"https:\/\/lahora.mx\/index.php\/wp-json\/wp\/v2\/types\/post"}],"author":[{"embeddable":true,"href":"https:\/\/lahora.mx\/index.php\/wp-json\/wp\/v2\/users\/4"}],"replies":[{"embeddable":true,"href":"https:\/\/lahora.mx\/index.php\/wp-json\/wp\/v2\/comments?post=62895"}],"version-history":[{"count":1,"href":"https:\/\/lahora.mx\/index.php\/wp-json\/wp\/v2\/posts\/62895\/revisions"}],"predecessor-version":[{"id":62897,"href":"https:\/\/lahora.mx\/index.php\/wp-json\/wp\/v2\/posts\/62895\/revisions\/62897"}],"wp:featuredmedia":[{"embeddable":true,"href":"https:\/\/lahora.mx\/index.php\/wp-json\/wp\/v2\/media\/62896"}],"wp:attachment":[{"href":"https:\/\/lahora.mx\/index.php\/wp-json\/wp\/v2\/media?parent=62895"}],"wp:term":[{"taxonomy":"category","embeddable":true,"href":"https:\/\/lahora.mx\/index.php\/wp-json\/wp\/v2\/categories?post=62895"},{"taxonomy":"post_tag","embeddable":true,"href":"https:\/\/lahora.mx\/index.php\/wp-json\/wp\/v2\/tags?post=62895"}],"curies":[{"name":"wp","href":"https:\/\/api.w.org\/{rel}","templated":true}]}}