{"id":62883,"date":"2025-05-28T00:21:20","date_gmt":"2025-05-28T00:21:20","guid":{"rendered":"https:\/\/lahora.mx\/?p=62883"},"modified":"2025-05-28T00:21:21","modified_gmt":"2025-05-28T00:21:21","slug":"gobierno-de-puebla-va-por-tren-ligero-busca-asesoria-de-la-cdmx","status":"publish","type":"post","link":"https:\/\/lahora.mx\/index.php\/2025\/05\/28\/gobierno-de-puebla-va-por-tren-ligero-busca-asesoria-de-la-cdmx\/","title":{"rendered":"Gobierno de Puebla va por tren ligero; busca asesor\u00eda de la CDMX"},"content":{"rendered":"\n<p>El gobernador de Puebla, Alejandro Armenta Mier, encabez\u00f3 una mesa de trabajo con autoridades de la Ciudad de M\u00e9xico con el objetivo de recibir asesoramiento para la puesta en marcha del transporte el\u00e9ctrico o tren ligero, que busca mejorar la conectividad y tener un impacto en el medio ambiente.<\/p>\n\n\n\n<p>Acompa\u00f1ado por el secretario de Movilidad de la Ciudad de M\u00e9xico, H\u00e9ctor Ulises Garc\u00eda Nieto, el mandatario poblano destac\u00f3 que este modelo de transporte el\u00e9ctrico representa un acto de justicia social y responde a una necesidad urgente de bienestar para las familias poblanas.<\/p>\n\n\n\n<p>El proyecto contempla el rescate de v\u00edas f\u00e9rreas, particularmente en el tramo Puebla\u2013Atlixco, con el objetivo de ordenar el servicio, reducir el tr\u00e1fico y ofrecer una alternativa sustentable al transporte actual.<br>Armenta propone construir hospital regional del IMSS en Amozoc, no de zona<br>La Comisi\u00f3n tambi\u00e9n aval\u00f3 la enajenaci\u00f3n de un predio en Cuatlancingo, para la edificaci\u00f3n del CBTIS 300 en San Lorenzo Almecatla<br>Esta iniciativa se inspira en la L\u00ednea 3 del tren ligero de la Ciudad de M\u00e9xico, que combina funcionalidad urbana y atractivo tur\u00edstico.<\/p>\n\n\n\n<p>Por esto, el jefe del Ejecutivo local subray\u00f3 la importancia de recibir orientaci\u00f3n por parte de las autoridades del gobierno de la Ciudad M\u00e9xico.<\/p>\n\n\n\n<p>Por su parte, el secretario de Movilidad capitalino reconoci\u00f3 el inter\u00e9s del gobierno poblano por adoptar pol\u00edticas exitosas de movilidad.<\/p>\n\n\n\n<p>Estamos contentos de que nos busquen de diferentes estados, la realidad es que somos continuadores de la pol\u00edtica de la hoy presidenta de M\u00e9xico, Claudia Sheinbaum<br>revel\u00f3.<br>La colaboraci\u00f3n entre ambas entidades se formalizar\u00e1 en los pr\u00f3ximos d\u00edas, cuando la jefa de Gobierno de la Ciudad de M\u00e9xico, Clara Brugada, y el gobernador Alejandro Armenta firmen el convenio interinstitucional que garantizar\u00e1 asesor\u00eda t\u00e9cnica y acompa\u00f1amiento para la implementaci\u00f3n del tren ligero.<\/p>\n\n\n\n<p>\u27a1\ufe0f Suscr\u00edbete a nuestro Newsletter y recibe las notas m\u00e1s relevantes en tu correo<\/p>\n\n\n\n<p>En la reuni\u00f3n tambi\u00e9n estuvieron presentes el director general del Servicio de Transportes El\u00e9ctricos de CDMX, Mart\u00edn L\u00f3pez Delgado, y el secretario de Infraestructura de Puebla, Jos\u00e9 Manuel Contreras de los Santos.<\/p>\n","protected":false},"excerpt":{"rendered":"<p>El gobernador de Puebla, Alejandro Armenta Mier, encabez\u00f3 una mesa de trabajo con autoridades de la Ciudad de M\u00e9xico con el objetivo de recibir asesoramiento para la puesta en marcha del transporte el\u00e9ctrico o tren ligero, que busca mejorar la conectividad y tener un impacto en el medio ambiente. Acompa\u00f1ado por el secretario de Movilidad [&hellip;]<\/p>\n","protected":false},"author":4,"featured_media":62884,"comment_status":"open","ping_status":"open","sticky":false,"template":"","format":"standard","meta":{"om_disable_all_campaigns":false,"_monsterinsights_skip_tracking":false,"_monsterinsights_sitenote_active":false,"_monsterinsights_sitenote_note":"","_monsterinsights_sitenote_category":0,"footnotes":""},"categories":[175],"tags":[239,223],"class_list":["post-62883","post","type-post","status-publish","format-standard","has-post-thumbnail","hentry","category-local","tag-gobierno","tag-puebla"],"amp_enabled":true,"_links":{"self":[{"href":"https:\/\/lahora.mx\/index.php\/wp-json\/wp\/v2\/posts\/62883","targetHints":{"allow":["GET"]}}],"collection":[{"href":"https:\/\/lahora.mx\/index.php\/wp-json\/wp\/v2\/posts"}],"about":[{"href":"https:\/\/lahora.mx\/index.php\/wp-json\/wp\/v2\/types\/post"}],"author":[{"embeddable":true,"href":"https:\/\/lahora.mx\/index.php\/wp-json\/wp\/v2\/users\/4"}],"replies":[{"embeddable":true,"href":"https:\/\/lahora.mx\/index.php\/wp-json\/wp\/v2\/comments?post=62883"}],"version-history":[{"count":1,"href":"https:\/\/lahora.mx\/index.php\/wp-json\/wp\/v2\/posts\/62883\/revisions"}],"predecessor-version":[{"id":62885,"href":"https:\/\/lahora.mx\/index.php\/wp-json\/wp\/v2\/posts\/62883\/revisions\/62885"}],"wp:featuredmedia":[{"embeddable":true,"href":"https:\/\/lahora.mx\/index.php\/wp-json\/wp\/v2\/media\/62884"}],"wp:attachment":[{"href":"https:\/\/lahora.mx\/index.php\/wp-json\/wp\/v2\/media?parent=62883"}],"wp:term":[{"taxonomy":"category","embeddable":true,"href":"https:\/\/lahora.mx\/index.php\/wp-json\/wp\/v2\/categories?post=62883"},{"taxonomy":"post_tag","embeddable":true,"href":"https:\/\/lahora.mx\/index.php\/wp-json\/wp\/v2\/tags?post=62883"}],"curies":[{"name":"wp","href":"https:\/\/api.w.org\/{rel}","templated":true}]}}