{"id":62880,"date":"2025-05-28T00:15:09","date_gmt":"2025-05-28T00:15:09","guid":{"rendered":"https:\/\/lahora.mx\/?p=62880"},"modified":"2025-05-28T00:15:19","modified_gmt":"2025-05-28T00:15:19","slug":"declaran-culpable-a-javier-n-por-violencia-familiar-contra-cecilia-monzon","status":"publish","type":"post","link":"https:\/\/lahora.mx\/index.php\/2025\/05\/28\/declaran-culpable-a-javier-n-por-violencia-familiar-contra-cecilia-monzon\/","title":{"rendered":"Declaran  culpable a Javier N. por violencia familiar contra Cecilia Monz\u00f3n"},"content":{"rendered":"\n<p>Este 27 de Mayo, el Tribunal de Enjuiciamiento con Competencia Estatal, radicado en la capital, declar\u00f3 culpable a Javier N., ex candidato al gobierno de Puebla, por el delito de violencia familiar en agravio de Cecilia Monz\u00f3n P\u00e9rez. La resoluci\u00f3n se dio al concluir el juicio oral iniciado en abril de 2024.<\/p>\n\n\n\n<p>La audiencia para determinar la pena ser\u00e1 celebrada el pr\u00f3ximo 30 de mayo, conforme al C\u00f3digo Penal del Estado de Puebla vigente al momento de los hechos.<\/p>\n\n\n\n<p>La Fiscal\u00eda General del Estado de Puebla (FGE), en conjunto con la asesor\u00eda legal de la familia Monz\u00f3n, obtuvo una sentencia condenatoria en este caso. El proceso incluy\u00f3 diversas etapas procesales, entre ellas la presentaci\u00f3n de recursos por parte de la defensa.<br>Poblana denuncia a su expareja por intento de asesinato y custodia indebida de sus hijos<br>En su testimonio difundido en redes sociales, V\u00e9lez describi\u00f3 que entre el 13 y el 15 de abril fue objeto de una serie de agresiones<br>En paralelo, contin\u00faa en curso el juicio por el feminicidio de Cecilia Monz\u00f3n, ocurrido el 21 de mayo de 2022. En este proceso tambi\u00e9n figura Javier L\u00f3pez Zavala como uno de los se\u00f1alados.<\/p>\n\n\n\n<p>Diversos sectores han solicitado que el Poder Judicial del Estado de Puebla act\u00fae conforme a la ley y con perspectiva de g\u00e9nero, para garantizar un proceso sin revictimizaci\u00f3n.<\/p>\n\n\n\n<p>A trav\u00e9s de un comunicado, la familia de Cecilia Monz\u00f3n y organizaciones que han acompa\u00f1ado el caso reiteraron su intenci\u00f3n de seguir con el proceso legal hasta su resoluci\u00f3n definitiva.<\/p>\n\n\n\n<p><\/p>\n","protected":false},"excerpt":{"rendered":"<p>Este 27 de Mayo, el Tribunal de Enjuiciamiento con Competencia Estatal, radicado en la capital, declar\u00f3 culpable a Javier N., ex candidato al gobierno de Puebla, por el delito de violencia familiar en agravio de Cecilia Monz\u00f3n P\u00e9rez. La resoluci\u00f3n se dio al concluir el juicio oral iniciado en abril de 2024. La audiencia para [&hellip;]<\/p>\n","protected":false},"author":4,"featured_media":62881,"comment_status":"open","ping_status":"open","sticky":false,"template":"","format":"standard","meta":{"om_disable_all_campaigns":false,"_monsterinsights_skip_tracking":false,"_monsterinsights_sitenote_active":false,"_monsterinsights_sitenote_note":"","_monsterinsights_sitenote_category":0,"footnotes":""},"categories":[175],"tags":[195],"class_list":["post-62880","post","type-post","status-publish","format-standard","has-post-thumbnail","hentry","category-local","tag-principal"],"amp_enabled":true,"_links":{"self":[{"href":"https:\/\/lahora.mx\/index.php\/wp-json\/wp\/v2\/posts\/62880","targetHints":{"allow":["GET"]}}],"collection":[{"href":"https:\/\/lahora.mx\/index.php\/wp-json\/wp\/v2\/posts"}],"about":[{"href":"https:\/\/lahora.mx\/index.php\/wp-json\/wp\/v2\/types\/post"}],"author":[{"embeddable":true,"href":"https:\/\/lahora.mx\/index.php\/wp-json\/wp\/v2\/users\/4"}],"replies":[{"embeddable":true,"href":"https:\/\/lahora.mx\/index.php\/wp-json\/wp\/v2\/comments?post=62880"}],"version-history":[{"count":1,"href":"https:\/\/lahora.mx\/index.php\/wp-json\/wp\/v2\/posts\/62880\/revisions"}],"predecessor-version":[{"id":62882,"href":"https:\/\/lahora.mx\/index.php\/wp-json\/wp\/v2\/posts\/62880\/revisions\/62882"}],"wp:featuredmedia":[{"embeddable":true,"href":"https:\/\/lahora.mx\/index.php\/wp-json\/wp\/v2\/media\/62881"}],"wp:attachment":[{"href":"https:\/\/lahora.mx\/index.php\/wp-json\/wp\/v2\/media?parent=62880"}],"wp:term":[{"taxonomy":"category","embeddable":true,"href":"https:\/\/lahora.mx\/index.php\/wp-json\/wp\/v2\/categories?post=62880"},{"taxonomy":"post_tag","embeddable":true,"href":"https:\/\/lahora.mx\/index.php\/wp-json\/wp\/v2\/tags?post=62880"}],"curies":[{"name":"wp","href":"https:\/\/api.w.org\/{rel}","templated":true}]}}