{"id":62869,"date":"2025-05-27T17:12:41","date_gmt":"2025-05-27T17:12:41","guid":{"rendered":"https:\/\/lahora.mx\/?p=62869"},"modified":"2025-05-27T17:12:42","modified_gmt":"2025-05-27T17:12:42","slug":"impulsaran-en-puebla-proyecto-de-formacion-de-operadores-de-carga-certificados-economia","status":"publish","type":"post","link":"https:\/\/lahora.mx\/index.php\/2025\/05\/27\/impulsaran-en-puebla-proyecto-de-formacion-de-operadores-de-carga-certificados-economia\/","title":{"rendered":"Impulsaran en Puebla proyecto de formaci\u00f3n de operadores de carga certificados: Econom\u00eda"},"content":{"rendered":"\n<p>Debido a que en M\u00e9xico se estima que existe un\u00a0<strong>d\u00e9ficit de 65 mil operadores de unidades de carga, el estado de Puebla busca impulsar proyecto de formaci\u00f3n y certificaci\u00f3n en este rubro, por lo que se espera que en el mes de junio de este a\u00f1o, poner en marcha el Centro Internacional de Operadores de Carga Certificados.<\/strong><br><br>Lo anterior lo anunci\u00f3 el secretario de Econom\u00eda estatal, V\u00edctor Gerardo Gabriel Chedraui, quien explic\u00f3 que este centro busca que los interesados en la conducci\u00f3n de unidades de carga pesada puedan acceder a una formaci\u00f3n te\u00f3rica y pr\u00e1ctica con est\u00e1ndares internacionales.<\/p>\n\n\n\n<p>Mencion\u00f3 que esta certificaci\u00f3n que obtendr\u00e1n los operadores en Puebla permitir\u00e1 que puedan obtener mejores sueldos en este sector, pues actualmente llegan a alcanzar entre 40 y 60 mil pesos en M\u00e9xico, mientras que en el extranjero se calcula que es de 8 mil d\u00f3lares o euros.<\/p>\n\n\n\n<p>Detall\u00f3 que el programa te\u00f3rico para los interesados se impartir\u00eda en los 17 planteles del Instituto de Capacitaci\u00f3n para el Trabajo del Estado de Puebla (Icatep), incluida la unidad de Tehuac\u00e1n, mientras que se est\u00e1 contemplando que la sede operativa pr\u00e1ctica se desarrolle en el municipio de San Mart\u00edn Texmelucan.<\/p>\n\n\n\n<p>El proyecto cuenta con el respaldo del organismo nacional en el Consejo Nacional de Normalizaci\u00f3n y Certificaci\u00f3n de Competencias Laborales, lo que garantiza certificaciones de validez oficial en el Pa\u00eds como a nivel internacional.<\/p>\n\n\n\n<p>Agrega Gabriel Chedraui que este programa busca contribuir a abrir m\u00e1s oportunidades laborales y mejores remuneradas no solo en la entidad para este sector, sino tambi\u00e9n a nivel nacional.<\/p>\n","protected":false},"excerpt":{"rendered":"<p>Debido a que en M\u00e9xico se estima que existe un\u00a0d\u00e9ficit de 65 mil operadores de unidades de carga, el estado de Puebla busca impulsar proyecto de formaci\u00f3n y certificaci\u00f3n en este rubro, por lo que se espera que en el mes de junio de este a\u00f1o, poner en marcha el Centro Internacional de Operadores de [&hellip;]<\/p>\n","protected":false},"author":4,"featured_media":62870,"comment_status":"open","ping_status":"open","sticky":false,"template":"","format":"standard","meta":{"om_disable_all_campaigns":false,"_monsterinsights_skip_tracking":false,"_monsterinsights_sitenote_active":false,"_monsterinsights_sitenote_note":"","_monsterinsights_sitenote_category":0,"footnotes":""},"categories":[175],"tags":[223],"class_list":["post-62869","post","type-post","status-publish","format-standard","has-post-thumbnail","hentry","category-local","tag-puebla"],"amp_enabled":true,"_links":{"self":[{"href":"https:\/\/lahora.mx\/index.php\/wp-json\/wp\/v2\/posts\/62869","targetHints":{"allow":["GET"]}}],"collection":[{"href":"https:\/\/lahora.mx\/index.php\/wp-json\/wp\/v2\/posts"}],"about":[{"href":"https:\/\/lahora.mx\/index.php\/wp-json\/wp\/v2\/types\/post"}],"author":[{"embeddable":true,"href":"https:\/\/lahora.mx\/index.php\/wp-json\/wp\/v2\/users\/4"}],"replies":[{"embeddable":true,"href":"https:\/\/lahora.mx\/index.php\/wp-json\/wp\/v2\/comments?post=62869"}],"version-history":[{"count":1,"href":"https:\/\/lahora.mx\/index.php\/wp-json\/wp\/v2\/posts\/62869\/revisions"}],"predecessor-version":[{"id":62871,"href":"https:\/\/lahora.mx\/index.php\/wp-json\/wp\/v2\/posts\/62869\/revisions\/62871"}],"wp:featuredmedia":[{"embeddable":true,"href":"https:\/\/lahora.mx\/index.php\/wp-json\/wp\/v2\/media\/62870"}],"wp:attachment":[{"href":"https:\/\/lahora.mx\/index.php\/wp-json\/wp\/v2\/media?parent=62869"}],"wp:term":[{"taxonomy":"category","embeddable":true,"href":"https:\/\/lahora.mx\/index.php\/wp-json\/wp\/v2\/categories?post=62869"},{"taxonomy":"post_tag","embeddable":true,"href":"https:\/\/lahora.mx\/index.php\/wp-json\/wp\/v2\/tags?post=62869"}],"curies":[{"name":"wp","href":"https:\/\/api.w.org\/{rel}","templated":true}]}}