{"id":62865,"date":"2025-05-27T17:10:56","date_gmt":"2025-05-27T17:10:56","guid":{"rendered":"https:\/\/lahora.mx\/?p=62865"},"modified":"2025-05-27T17:11:26","modified_gmt":"2025-05-27T17:11:26","slug":"una-mas-del-transporte-publico-mujer-muere-atropellada-por-un-ruta-63","status":"publish","type":"post","link":"https:\/\/lahora.mx\/index.php\/2025\/05\/27\/una-mas-del-transporte-publico-mujer-muere-atropellada-por-un-ruta-63\/","title":{"rendered":"Una m\u00e1s del transporte p\u00fablico: mujer muere atropellada por un Ruta 63"},"content":{"rendered":"\n<p>Al ser atropellada por una unidad de la Ruta 63, una mujer muri\u00f3 en la colonia Arboledas de Loma Bella; testigos impidieron que el conductor huyera del lugar de los hechos.<\/p>\n\n\n\n<p>Cerca de las 08:00 horas de hoy, transe\u00fantes intentaron auxiliar a una mujer que fue atropellada por un cami\u00f3n del transporte p\u00fablico en la esquina de la avenida 105 Poniente con la 2 Sur.<\/p>\n\n\n\n<p>Cuando vieron a la mujer sobre el asfalto, transe\u00fantes impidieron que el conductor de la unidad 25 se diera la fuga.<\/p>\n\n\n\n<p>Minutos despu\u00e9s, param\u00e9dicos llegaron al sitio del reporte, pero la mujer, de unos 40 a\u00f1os, ya no contaba con signos vitales.<\/p>\n\n\n\n<p>Tambi\u00e9n llegaron elementos de la Polic\u00eda Municipal, quienes acordonaron el lugar de los hechos e impidieron que peatones tomaran fotos de la mujer.<\/p>\n\n\n\n<p>Mientras era detenido el conductor del transporte p\u00fablico, testigos comentaron que el chofer conduc\u00eda a acceso de velocidad cuando atropell\u00f3 a la transe\u00fante.<\/p>\n\n\n\n<p>Debido al cierre de la circulaci\u00f3n por las labores del levantamiento del cad\u00e1ver, se gener\u00f3 congestionamiento vial en la zona.<\/p>\n\n\n\n<p><\/p>\n\n\n\n<p>De manera simult\u00e1nea, ocurri\u00f3 otro percance vial entre un conductor de una camioneta de la empresa Bimbo y un automovilista en la carretera Puebla-Tehuac\u00e1n, a la altura del cerro de Amalucan.<\/p>\n\n\n\n<p>Transe\u00fantes tambi\u00e9n reportaron otro choque en el Perif\u00e9rico Ecol\u00f3gico, cerca del puente de la avenida 11 Sur, con sentido al fraccionamiento La Vista, en ambos hechos viales s\u00f3lo se registraron da\u00f1os materiales.<\/p>\n\n\n\n<p>Durante el primer cuatrimestre de este a\u00f1o, 63 personas han fallecido en accidentes de tr\u00e1nsito, de acuerdo con cifras de la Fiscal\u00eda General del Estado (FGE) de Puebla.<\/p>\n","protected":false},"excerpt":{"rendered":"<p>Al ser atropellada por una unidad de la Ruta 63, una mujer muri\u00f3 en la colonia Arboledas de Loma Bella; testigos impidieron que el conductor huyera del lugar de los hechos. Cerca de las 08:00 horas de hoy, transe\u00fantes intentaron auxiliar a una mujer que fue atropellada por un cami\u00f3n del transporte p\u00fablico en la [&hellip;]<\/p>\n","protected":false},"author":4,"featured_media":62866,"comment_status":"open","ping_status":"open","sticky":false,"template":"","format":"standard","meta":{"om_disable_all_campaigns":false,"_monsterinsights_skip_tracking":false,"_monsterinsights_sitenote_active":false,"_monsterinsights_sitenote_note":"","_monsterinsights_sitenote_category":0,"footnotes":""},"categories":[175,226],"tags":[223],"class_list":["post-62865","post","type-post","status-publish","format-standard","has-post-thumbnail","hentry","category-local","category-policia","tag-puebla"],"amp_enabled":true,"_links":{"self":[{"href":"https:\/\/lahora.mx\/index.php\/wp-json\/wp\/v2\/posts\/62865","targetHints":{"allow":["GET"]}}],"collection":[{"href":"https:\/\/lahora.mx\/index.php\/wp-json\/wp\/v2\/posts"}],"about":[{"href":"https:\/\/lahora.mx\/index.php\/wp-json\/wp\/v2\/types\/post"}],"author":[{"embeddable":true,"href":"https:\/\/lahora.mx\/index.php\/wp-json\/wp\/v2\/users\/4"}],"replies":[{"embeddable":true,"href":"https:\/\/lahora.mx\/index.php\/wp-json\/wp\/v2\/comments?post=62865"}],"version-history":[{"count":2,"href":"https:\/\/lahora.mx\/index.php\/wp-json\/wp\/v2\/posts\/62865\/revisions"}],"predecessor-version":[{"id":62868,"href":"https:\/\/lahora.mx\/index.php\/wp-json\/wp\/v2\/posts\/62865\/revisions\/62868"}],"wp:featuredmedia":[{"embeddable":true,"href":"https:\/\/lahora.mx\/index.php\/wp-json\/wp\/v2\/media\/62866"}],"wp:attachment":[{"href":"https:\/\/lahora.mx\/index.php\/wp-json\/wp\/v2\/media?parent=62865"}],"wp:term":[{"taxonomy":"category","embeddable":true,"href":"https:\/\/lahora.mx\/index.php\/wp-json\/wp\/v2\/categories?post=62865"},{"taxonomy":"post_tag","embeddable":true,"href":"https:\/\/lahora.mx\/index.php\/wp-json\/wp\/v2\/tags?post=62865"}],"curies":[{"name":"wp","href":"https:\/\/api.w.org\/{rel}","templated":true}]}}