{"id":62843,"date":"2025-04-21T17:00:58","date_gmt":"2025-04-21T17:00:58","guid":{"rendered":"https:\/\/lahora.mx\/?p=62843"},"modified":"2025-05-27T17:01:54","modified_gmt":"2025-05-27T17:01:54","slug":"continua-congreso-del-estado-con-talleres-de-sensibilizacion-sobre-la-discapacidad","status":"publish","type":"post","link":"https:\/\/lahora.mx\/index.php\/2025\/04\/21\/continua-congreso-del-estado-con-talleres-de-sensibilizacion-sobre-la-discapacidad\/","title":{"rendered":"Contin\u00faa Congreso del Estado con talleres de sensibilizaci\u00f3n sobre la discapacidad\u00a0"},"content":{"rendered":"\n<p>Para fomentar una cultura de inclusi\u00f3n y respeto, en el Congreso del Estado se llevaron a cabo talleres de sensibilizaci\u00f3n sobre la discapacidad, dirigidos a las y los trabajadores del Poder Legislativo.&nbsp;<\/p>\n\n\n\n<p>La diputada Luana Armida Amador Vallejo, organizadora de los talleres, se\u00f1al\u00f3 que el objetivo es sensibilizar a las y los trabajadores del Congreso del Estado sobre c\u00f3mo se vive la discapacidad motriz, visual y auditiva, as\u00ed como compartir datos sobre la normativa, la terminolog\u00eda y los diferentes tipos de discapacidad.&nbsp;<\/p>\n\n\n\n<p>Asimismo, la legisladora indic\u00f3 que cerca de 100 trabajadores del Congreso han participado en los talleres de sensibilizaci\u00f3n y el pr\u00f3ximo mes se dar\u00e1n a las y los diputados, as\u00ed como a su personal de apoyo legislativo.&nbsp;&nbsp;<\/p>\n\n\n\n<p>Destac\u00f3 que, para realizar reformas de trascendencia, que cuenten con el respaldo de la mayor\u00eda, se debe conocer la situaci\u00f3n por la que atraviesan las personas con discapacidad; por ello, la experiencia debe compartirse con las personas, para transitar hacia un Estado incluyente.&nbsp;<\/p>\n\n\n\n<p>Como parte del taller, se realizan diversas din\u00e1micas de grupo, juegos y algunas actividades que ayudan a las y los participantes a sensibilizarse sobre lo que viven las personas con discapacidad en el d\u00eda a d\u00eda.<\/p>\n","protected":false},"excerpt":{"rendered":"<p>Para fomentar una cultura de inclusi\u00f3n y respeto, en el Congreso del Estado se llevaron a cabo talleres de sensibilizaci\u00f3n sobre la discapacidad, dirigidos a las y los trabajadores del Poder Legislativo.&nbsp; La diputada Luana Armida Amador Vallejo, organizadora de los talleres, se\u00f1al\u00f3 que el objetivo es sensibilizar a las y los trabajadores del Congreso [&hellip;]<\/p>\n","protected":false},"author":4,"featured_media":62845,"comment_status":"open","ping_status":"open","sticky":false,"template":"","format":"standard","meta":{"om_disable_all_campaigns":false,"_monsterinsights_skip_tracking":false,"_monsterinsights_sitenote_active":false,"_monsterinsights_sitenote_note":"","_monsterinsights_sitenote_category":0,"footnotes":""},"categories":[175],"tags":[227,223],"class_list":["post-62843","post","type-post","status-publish","format-standard","has-post-thumbnail","hentry","category-local","tag-congreso","tag-puebla"],"amp_enabled":true,"_links":{"self":[{"href":"https:\/\/lahora.mx\/index.php\/wp-json\/wp\/v2\/posts\/62843","targetHints":{"allow":["GET"]}}],"collection":[{"href":"https:\/\/lahora.mx\/index.php\/wp-json\/wp\/v2\/posts"}],"about":[{"href":"https:\/\/lahora.mx\/index.php\/wp-json\/wp\/v2\/types\/post"}],"author":[{"embeddable":true,"href":"https:\/\/lahora.mx\/index.php\/wp-json\/wp\/v2\/users\/4"}],"replies":[{"embeddable":true,"href":"https:\/\/lahora.mx\/index.php\/wp-json\/wp\/v2\/comments?post=62843"}],"version-history":[{"count":1,"href":"https:\/\/lahora.mx\/index.php\/wp-json\/wp\/v2\/posts\/62843\/revisions"}],"predecessor-version":[{"id":62846,"href":"https:\/\/lahora.mx\/index.php\/wp-json\/wp\/v2\/posts\/62843\/revisions\/62846"}],"wp:featuredmedia":[{"embeddable":true,"href":"https:\/\/lahora.mx\/index.php\/wp-json\/wp\/v2\/media\/62845"}],"wp:attachment":[{"href":"https:\/\/lahora.mx\/index.php\/wp-json\/wp\/v2\/media?parent=62843"}],"wp:term":[{"taxonomy":"category","embeddable":true,"href":"https:\/\/lahora.mx\/index.php\/wp-json\/wp\/v2\/categories?post=62843"},{"taxonomy":"post_tag","embeddable":true,"href":"https:\/\/lahora.mx\/index.php\/wp-json\/wp\/v2\/tags?post=62843"}],"curies":[{"name":"wp","href":"https:\/\/api.w.org\/{rel}","templated":true}]}}