{"id":62782,"date":"2025-05-26T22:59:26","date_gmt":"2025-05-26T22:59:26","guid":{"rendered":"https:\/\/lahora.mx\/?p=62782"},"modified":"2025-05-26T22:59:26","modified_gmt":"2025-05-26T22:59:26","slug":"obispo-de-morelos-exige-a-gobierno-cese-de-violencia-acusa-pacto-con-narco","status":"publish","type":"post","link":"https:\/\/lahora.mx\/index.php\/2025\/05\/26\/obispo-de-morelos-exige-a-gobierno-cese-de-violencia-acusa-pacto-con-narco\/","title":{"rendered":"Obispo de Morelos exige a gobierno cese de violencia; acusa pacto con narco"},"content":{"rendered":"\n<p>\u201cSomos mayor\u00eda los que queremos la paz y son minor\u00eda los que causan la violencia\u201d asegur\u00f3 el doceavo obispo de la Di\u00f3cesis de Cuernavaca y presidente de la Conferencia del Episcopado Mexicano para el trienio 2024-2027, Ram\u00f3n Castro Castro.<\/p>\n\n\n\n<p>Esto sucedi\u00f3 durante la homil\u00eda dominical del 26 de mayo en la Catedral de Cuernavaca, en que motiv\u00f3 a la comunidad cat\u00f3lica de Morelos a continuar con las manifestaciones por la paz, luego de la onceava manifestaci\u00f3n al respecto que se realiza en la entidad.<\/p>\n\n\n\n<p>En el evento el sacerdote aseguro que \u201cel gobierno debe pedir permiso al narco para gobernar\u201d.<\/p>\n\n\n\n<p>El mensaje del obispo de Morelos surgi\u00f3 luego de que la violencia en el estado increment\u00f3, por ello es que el l\u00edder cat\u00f3lico organiz\u00f3 una Caminata por la Paz para exigir un freno a la violencia, inseguridad e impunidad que enfrenta la ciudadan\u00eda a diario.<\/p>\n\n\n\n<p>\u201cNos duele toda esta sangre que se ha derramado, nos interpele el dolor de tantas madres, tantos familiares, su angustia e incertidumbre, y el miedo en el que tantas personas viven\u201d asegur\u00f3 el monse\u00f1or.<\/p>\n\n\n\n<p>Ante el incremento de inseguridad y la violencia que enfrenta Morelos, el obispo pidi\u00f3 a los feligreses orar por una paz verdadera que incluya la usencia de violencia y al mismo tiempo una experiencia interior de reconciliaci\u00f3n con Dios y con uno mismo.<\/p>\n\n\n\n<p>El acto religioso culmin\u00f3 con la petici\u00f3n del l\u00edder cat\u00f3lico hacia la sociedad cat\u00f3lica de resistir y ser firmes a un compromiso de promover la paz, desde la oraci\u00f3n, la participaci\u00f3n activa en la iglesia y el testimonio diario de la fe.<\/p>\n\n\n\n<p>Feligreses de Morelos vs homicidio, asaltos, extorsi\u00f3n y feminicidios<br>La caminata por la Paz se llev\u00f3 a cabo la ma\u00f1ana del domingo y form\u00f3 parte de la d\u00e9cimo primera manifestaci\u00f3n de los feligreses cat\u00f3licos de Morelos, quienes se organizaron para exigir un alto a la violencia en la entidad.<\/p>\n\n\n\n<p>La protesta sali\u00f3 de la Parroquia de Nuestra Se\u00f1ora de los Milagros en Tlaltenango con rumbo a la Catedral de Cuernavaca, a partir de las 08:00 horas.<\/p>\n\n\n\n<p>Los miembros de la protesta vistieron de blanco: portaron pancartas y lonas donde denunciaron los delitos de homicidio, asaltos, extorsi\u00f3n y feminicidios que enfrenta todos los d\u00edas la entidad.<\/p>\n\n\n\n<p>El objetivo principal de la caminata fue promover un mensaje de paz, armon\u00eda y compromiso social de los agentes civiles. Adem\u00e1s de hacer un llamado de atenci\u00f3n a las autoridades de Morelos para garantizar mejores condiciones de seguridad a la ciudadan\u00eda.<\/p>\n","protected":false},"excerpt":{"rendered":"<p>\u201cSomos mayor\u00eda los que queremos la paz y son minor\u00eda los que causan la violencia\u201d asegur\u00f3 el doceavo obispo de la Di\u00f3cesis de Cuernavaca y presidente de la Conferencia del Episcopado Mexicano para el trienio 2024-2027, Ram\u00f3n Castro Castro. Esto sucedi\u00f3 durante la homil\u00eda dominical del 26 de mayo en la Catedral de Cuernavaca, en [&hellip;]<\/p>\n","protected":false},"author":4,"featured_media":62783,"comment_status":"open","ping_status":"open","sticky":false,"template":"","format":"standard","meta":{"om_disable_all_campaigns":false,"_monsterinsights_skip_tracking":false,"_monsterinsights_sitenote_active":false,"_monsterinsights_sitenote_note":"","_monsterinsights_sitenote_category":0,"footnotes":""},"categories":[176,226],"tags":[223],"class_list":["post-62782","post","type-post","status-publish","format-standard","has-post-thumbnail","hentry","category-nacional","category-policia","tag-puebla"],"amp_enabled":true,"_links":{"self":[{"href":"https:\/\/lahora.mx\/index.php\/wp-json\/wp\/v2\/posts\/62782","targetHints":{"allow":["GET"]}}],"collection":[{"href":"https:\/\/lahora.mx\/index.php\/wp-json\/wp\/v2\/posts"}],"about":[{"href":"https:\/\/lahora.mx\/index.php\/wp-json\/wp\/v2\/types\/post"}],"author":[{"embeddable":true,"href":"https:\/\/lahora.mx\/index.php\/wp-json\/wp\/v2\/users\/4"}],"replies":[{"embeddable":true,"href":"https:\/\/lahora.mx\/index.php\/wp-json\/wp\/v2\/comments?post=62782"}],"version-history":[{"count":1,"href":"https:\/\/lahora.mx\/index.php\/wp-json\/wp\/v2\/posts\/62782\/revisions"}],"predecessor-version":[{"id":62784,"href":"https:\/\/lahora.mx\/index.php\/wp-json\/wp\/v2\/posts\/62782\/revisions\/62784"}],"wp:featuredmedia":[{"embeddable":true,"href":"https:\/\/lahora.mx\/index.php\/wp-json\/wp\/v2\/media\/62783"}],"wp:attachment":[{"href":"https:\/\/lahora.mx\/index.php\/wp-json\/wp\/v2\/media?parent=62782"}],"wp:term":[{"taxonomy":"category","embeddable":true,"href":"https:\/\/lahora.mx\/index.php\/wp-json\/wp\/v2\/categories?post=62782"},{"taxonomy":"post_tag","embeddable":true,"href":"https:\/\/lahora.mx\/index.php\/wp-json\/wp\/v2\/tags?post=62782"}],"curies":[{"name":"wp","href":"https:\/\/api.w.org\/{rel}","templated":true}]}}