{"id":62779,"date":"2025-05-26T22:56:59","date_gmt":"2025-05-26T22:56:59","guid":{"rendered":"https:\/\/lahora.mx\/?p=62779"},"modified":"2025-05-26T22:57:00","modified_gmt":"2025-05-26T22:57:00","slug":"armenta-anuncia-bicipuebla-y-conecta-ciclopistas-en-2025","status":"publish","type":"post","link":"https:\/\/lahora.mx\/index.php\/2025\/05\/26\/armenta-anuncia-bicipuebla-y-conecta-ciclopistas-en-2025\/","title":{"rendered":"Armenta anuncia BiciPuebla y conecta ciclopistas en 2025"},"content":{"rendered":"\n<p>El gobernador de Puebla, Alejandro Armenta Mier, anunci\u00f3 este lunes 26 de mayo la creaci\u00f3n de BiciPuebla, una empresa estatal que operar\u00e1 un nuevo sistema de renta de bicicletas, inspirado en el modelo Ecobici de la Ciudad de M\u00e9xico. El proyecto iniciar\u00e1 su implementaci\u00f3n en 2025 y entrar\u00e1 en funcionamiento en 2026, como parte de una estrategia de movilidad sustentable para la zona metropolitana.<\/p>\n\n\n\n<p>Durante su participaci\u00f3n en el d\u00e9cimo aniversario de la V\u00eda Recreativa Metropolitana, el mandatario inform\u00f3 que el sistema contar\u00e1 con infraestructura ciclista que conectar\u00e1 municipios como Puebla, San Pedro Cholula, San Andr\u00e9s Cholula, Amozoc, Chachapa y Tepeaca. Las ciclopistas se desarrollar\u00e1n a nivel de piso y estar\u00e1n sujetas a mantenimiento garantizado.<\/p>\n\n\n\n<p>Armenta instruy\u00f3 a la titular de la Secretar\u00eda de Movilidad y Transporte, Silvia Tan\u00fas, as\u00ed como al coordinador de Gabinete, Jos\u00e9 Luis Garc\u00eda, a comenzar con los trabajos de planeaci\u00f3n y diagn\u00f3stico de las ciclov\u00edas existentes. El objetivo es integrar las rutas actuales y ampliar la red con nuevas conexiones estrat\u00e9gicas, como la Recta a Cholula.<\/p>\n\n\n\n<p>En conferencia de prensa, el gobernador aclar\u00f3 que BiciPuebla ser\u00e1 una empresa p\u00fablica, aunque no descart\u00f3 la participaci\u00f3n de compa\u00f1\u00edas privadas, siempre que los contratos respeten los intereses del estado. \u00abNo permitiremos condiciones leoninas\u00bb, expres\u00f3.<\/p>\n\n\n\n<p>El sistema de renta de bicicletas ya hab\u00eda sido intentado en administraciones pasadas, durante los gobiernos de Antonio Gali y Claudia Rivera. Sin embargo, los proyectos no lograron consolidarse por falta de mantenimiento y planeaci\u00f3n operativa.<\/p>\n\n\n\n<p>Con esta iniciativa, el gobierno estatal se\u00f1al\u00f3 que busca resolver problemas de conectividad urbana, ofrecer una alternativa ecol\u00f3gica de transporte y promover la actividad f\u00edsica. El modelo priorizar\u00e1 las zonas con alta densidad poblacional y facilitar\u00e1 el acceso a rutas seguras para ciclistas.<\/p>\n\n\n\n<p>Adem\u00e1s, Armenta adelant\u00f3 que analiza realizar la V\u00eda Recreativa Metropolitana todos los domingos, en lugar de una vez al mes, como medida para fomentar el deporte y recuperar el espacio p\u00fablico. El plan forma parte del Programa Estatal de Desarrollo y se alinea con los compromisos asumidos por el gobierno en materia de movilidad.<\/p>\n","protected":false},"excerpt":{"rendered":"<p>El gobernador de Puebla, Alejandro Armenta Mier, anunci\u00f3 este lunes 26 de mayo la creaci\u00f3n de BiciPuebla, una empresa estatal que operar\u00e1 un nuevo sistema de renta de bicicletas, inspirado en el modelo Ecobici de la Ciudad de M\u00e9xico. El proyecto iniciar\u00e1 su implementaci\u00f3n en 2025 y entrar\u00e1 en funcionamiento en 2026, como parte de [&hellip;]<\/p>\n","protected":false},"author":4,"featured_media":62780,"comment_status":"open","ping_status":"open","sticky":false,"template":"","format":"standard","meta":{"om_disable_all_campaigns":false,"_monsterinsights_skip_tracking":false,"_monsterinsights_sitenote_active":false,"_monsterinsights_sitenote_note":"","_monsterinsights_sitenote_category":0,"footnotes":""},"categories":[175],"tags":[239,195],"class_list":["post-62779","post","type-post","status-publish","format-standard","has-post-thumbnail","hentry","category-local","tag-gobierno","tag-principal"],"amp_enabled":true,"_links":{"self":[{"href":"https:\/\/lahora.mx\/index.php\/wp-json\/wp\/v2\/posts\/62779","targetHints":{"allow":["GET"]}}],"collection":[{"href":"https:\/\/lahora.mx\/index.php\/wp-json\/wp\/v2\/posts"}],"about":[{"href":"https:\/\/lahora.mx\/index.php\/wp-json\/wp\/v2\/types\/post"}],"author":[{"embeddable":true,"href":"https:\/\/lahora.mx\/index.php\/wp-json\/wp\/v2\/users\/4"}],"replies":[{"embeddable":true,"href":"https:\/\/lahora.mx\/index.php\/wp-json\/wp\/v2\/comments?post=62779"}],"version-history":[{"count":1,"href":"https:\/\/lahora.mx\/index.php\/wp-json\/wp\/v2\/posts\/62779\/revisions"}],"predecessor-version":[{"id":62781,"href":"https:\/\/lahora.mx\/index.php\/wp-json\/wp\/v2\/posts\/62779\/revisions\/62781"}],"wp:featuredmedia":[{"embeddable":true,"href":"https:\/\/lahora.mx\/index.php\/wp-json\/wp\/v2\/media\/62780"}],"wp:attachment":[{"href":"https:\/\/lahora.mx\/index.php\/wp-json\/wp\/v2\/media?parent=62779"}],"wp:term":[{"taxonomy":"category","embeddable":true,"href":"https:\/\/lahora.mx\/index.php\/wp-json\/wp\/v2\/categories?post=62779"},{"taxonomy":"post_tag","embeddable":true,"href":"https:\/\/lahora.mx\/index.php\/wp-json\/wp\/v2\/tags?post=62779"}],"curies":[{"name":"wp","href":"https:\/\/api.w.org\/{rel}","templated":true}]}}