{"id":62765,"date":"2025-05-26T20:04:28","date_gmt":"2025-05-26T20:04:28","guid":{"rendered":"https:\/\/lahora.mx\/?p=62765"},"modified":"2025-05-26T20:04:29","modified_gmt":"2025-05-26T20:04:29","slug":"gasolineros-de-puebla-y-tlaxcala-rechazan-tope-a-precio-de-gasolina","status":"publish","type":"post","link":"https:\/\/lahora.mx\/index.php\/2025\/05\/26\/gasolineros-de-puebla-y-tlaxcala-rechazan-tope-a-precio-de-gasolina\/","title":{"rendered":"Gasolineros de Puebla y Tlaxcala rechazan tope a precio de gasolina"},"content":{"rendered":"\n<p>Empresarios gasolineros de Puebla y Tlaxcala manifestaron su rechazo a la decisi\u00f3n del gobierno federal de mantener durante todo 2025 un precio tope de 23.99 pesos por litro para la gasolina Magna. Acusan que la medida, lejos de ser consensuada, fue impuesta de forma unilateral y sin considerar el impacto que tendr\u00e1 en estaciones ubicadas en zonas rurales o de dif\u00edcil acceso.<\/p>\n\n\n\n<p>En entrevista con El Sol de Puebla, Luz Mar\u00eda Jim\u00e9nez Almaz\u00e1n, presidenta de Gasolineros Unidos de los Estados de Puebla y Tlaxcala A.C., advirti\u00f3 que el acuerdo fue pactado \u00fanicamente con 16 grupos empresariales, los cuales \u2014seg\u00fan dijo\u2014 \u201cno tienen la facultad, representatividad ni capacidad para comprometer a todos los gasolineros del pa\u00eds\u201d.<\/p>\n\n\n\n<p>Es preocupante que el gobierno federal no sea incluyente. Acordaron una utilidad fija y un precio fijo sin importarles que los m\u00e1s perjudicados somos quienes enfrentamos competencia desleal y vendemos cada vez menos por la enorme cantidad de combustible ilegal que circula en el mercado<br>se\u00f1al\u00f3.<br>El 39% de las gasolineras en la zona centro del pa\u00eds prev\u00e9 ca\u00edda en ventas para 2025<br>Entre los factores que explican esta tendencia destacan el robo de combustible, la adulteraci\u00f3n del producto, el contrabando fiscal y el huachicol<br>Jim\u00e9nez Almaz\u00e1n explic\u00f3 que muchas estaciones peque\u00f1as enfrentan ya una ca\u00edda sostenida en sus ventas, agravada por el alza en los costos de operaci\u00f3n y la falta de incentivos. En ese contexto, dijo, congelar el precio de venta al p\u00fablico afecta financieramente a quienes apenas logran sostenerse, especialmente en municipios alejados de los centros urbanos.<\/p>\n\n\n\n<p>Adem\u00e1s, critic\u00f3 que, pese a haber sido presentado como un acuerdo voluntario, la Procuradur\u00eda Federal del Consumidor (Profeco) ha intensificado operativos para verificar que se respete el precio fijado, lo que contradice abiertamente el car\u00e1cter no obligatorio de la medida.<\/p>\n\n\n\n<p>\u201c\u00bfD\u00f3nde qued\u00f3 lo de voluntario?\u201d, cuestion\u00f3. \u201cNo podemos hacer nada, y a partir del 2 de junio ni siquiera podremos defendernos, pues el Poder Judicial ya no ser\u00e1 independiente\u201d, agreg\u00f3, en alusi\u00f3n a la reforma judicial promovida por el Ejecutivo federal.<\/p>\n\n\n\n<p>Gasolineros exigen di\u00e1logo<br>Los gasolineros organizados en Puebla y Tlaxcala exigieron al gobierno federal un di\u00e1logo real que incluya a todos los actores del sector, y advirtieron que mantener decisiones unilaterales en materia de precios solo agravar\u00e1 la crisis que enfrentan miles de estaciones en todo el pa\u00eds.<br>Afecta escasez de combustible a m\u00e1s de la mitad de las estaciones de gasolina en Puebla<br>Las zonas m\u00e1s afectadas, detall\u00f3, son la capital poblana y los municipios de la zona metropolitana<br>Cabe recordar que desde el pasado 3 de marzo, la Secretar\u00eda de Energ\u00eda (Sener) estableci\u00f3 un acuerdo con un grupo de empresarios del sector para fijar el precio m\u00e1ximo de la gasolina Magna en 23.99 pesos por litro, como parte de una estrategia para contener la inflaci\u00f3n y frenar el comercio ilegal de combustibles.<\/p>\n\n\n\n<p>Recientemente, en una reuni\u00f3n privada con representantes empresariales, el subsecretario de Hidrocarburos, Juan Jos\u00e9 Vidal Amaro, confirm\u00f3 que dicha medida se mantendr\u00eda vigente durante todo el 2025, mientras que los precios de la gasolina Premium y del di\u00e9sel seguir\u00e1n sujetos a las condiciones del mercado.<\/p>\n","protected":false},"excerpt":{"rendered":"<p>Empresarios gasolineros de Puebla y Tlaxcala manifestaron su rechazo a la decisi\u00f3n del gobierno federal de mantener durante todo 2025 un precio tope de 23.99 pesos por litro para la gasolina Magna. Acusan que la medida, lejos de ser consensuada, fue impuesta de forma unilateral y sin considerar el impacto que tendr\u00e1 en estaciones ubicadas [&hellip;]<\/p>\n","protected":false},"author":4,"featured_media":62766,"comment_status":"open","ping_status":"open","sticky":false,"template":"","format":"standard","meta":{"om_disable_all_campaigns":false,"_monsterinsights_skip_tracking":false,"_monsterinsights_sitenote_active":false,"_monsterinsights_sitenote_note":"","_monsterinsights_sitenote_category":0,"footnotes":""},"categories":[175],"tags":[195,223],"class_list":["post-62765","post","type-post","status-publish","format-standard","has-post-thumbnail","hentry","category-local","tag-principal","tag-puebla"],"amp_enabled":true,"_links":{"self":[{"href":"https:\/\/lahora.mx\/index.php\/wp-json\/wp\/v2\/posts\/62765","targetHints":{"allow":["GET"]}}],"collection":[{"href":"https:\/\/lahora.mx\/index.php\/wp-json\/wp\/v2\/posts"}],"about":[{"href":"https:\/\/lahora.mx\/index.php\/wp-json\/wp\/v2\/types\/post"}],"author":[{"embeddable":true,"href":"https:\/\/lahora.mx\/index.php\/wp-json\/wp\/v2\/users\/4"}],"replies":[{"embeddable":true,"href":"https:\/\/lahora.mx\/index.php\/wp-json\/wp\/v2\/comments?post=62765"}],"version-history":[{"count":1,"href":"https:\/\/lahora.mx\/index.php\/wp-json\/wp\/v2\/posts\/62765\/revisions"}],"predecessor-version":[{"id":62767,"href":"https:\/\/lahora.mx\/index.php\/wp-json\/wp\/v2\/posts\/62765\/revisions\/62767"}],"wp:featuredmedia":[{"embeddable":true,"href":"https:\/\/lahora.mx\/index.php\/wp-json\/wp\/v2\/media\/62766"}],"wp:attachment":[{"href":"https:\/\/lahora.mx\/index.php\/wp-json\/wp\/v2\/media?parent=62765"}],"wp:term":[{"taxonomy":"category","embeddable":true,"href":"https:\/\/lahora.mx\/index.php\/wp-json\/wp\/v2\/categories?post=62765"},{"taxonomy":"post_tag","embeddable":true,"href":"https:\/\/lahora.mx\/index.php\/wp-json\/wp\/v2\/tags?post=62765"}],"curies":[{"name":"wp","href":"https:\/\/api.w.org\/{rel}","templated":true}]}}