{"id":62762,"date":"2025-05-26T16:47:34","date_gmt":"2025-05-26T16:47:34","guid":{"rendered":"https:\/\/lahora.mx\/?p=62762"},"modified":"2025-05-26T16:47:35","modified_gmt":"2025-05-26T16:47:35","slug":"lunes-de-eleccion-buap-consejo-universitario-y-5-unidades-academicas","status":"publish","type":"post","link":"https:\/\/lahora.mx\/index.php\/2025\/05\/26\/lunes-de-eleccion-buap-consejo-universitario-y-5-unidades-academicas\/","title":{"rendered":"Lunes de elecci\u00f3n BUAP: Consejo Universitario y 5 unidades acad\u00e9micas"},"content":{"rendered":"\n<p>La Benem\u00e9rita Universidad Aut\u00f3noma de Puebla (BUAP) renovar\u00e1 la direcci\u00f3n de cinco unidades acad\u00e9micas y su Consejo Universitario este lunes 26 de mayo.<\/p>\n\n\n\n<p>El viernes reciente terminaron los periodos de campa\u00f1a de las y los aspirantes para las facultades de Medicina; Artes Pl\u00e1sticas y Audiovisuales; Comunicaci\u00f3n, as\u00ed como del Instituto de Ciencias Sociales y Humanidades \u00abAlfonso V\u00e9lez Pliego\u00bb y el Instituto de F\u00edsica \u00abIng. Luis Rivera Terrazas\u00bb.<\/p>\n\n\n\n<p>Para este lunes, a partir de las 8:00 y hasta las 18:00 horas, se desarrollar\u00e1 la jornada electoral en las unidades acad\u00e9micas para renovar su direcci\u00f3n.<\/p>\n\n\n\n<p>No todas desarrollar\u00e1n sus elecciones de manera presencial, la Facultad de Artes Pl\u00e1sticas y Audiovisuales y la Facultad de Comunicaci\u00f3n lo har\u00e1n de forma virtual en la p\u00e1gina https:\/\/elecciones.buap.mx.<\/p>\n\n\n\n<p>Para poder votar, los universitarios deben estar inscritos en el padr\u00f3n electoral y tener activo su correo electr\u00f3nico institucional, el cual ser\u00e1 autenticado dos veces para poder participar.<\/p>\n\n\n\n<p>Lunes de elecci\u00f3n BUAP: Consejo Universitario y 5 unidades acad\u00e9micas<br>En tanto que en la facultad de Medicina, el Instituto de Ciencias Sociales y Humanidades \u00abAlfonso V\u00e9lez Pliego\u00bb y el Instituto de F\u00edsica \u00abIng. Luis Rivera Terrazas\u00bb, se colocar\u00e1n casillas electorales en sus instalaciones para emitir su voto presencial.<\/p>\n\n\n\n<p>En estos tres casos, para poder votar deben estar inscritos en el Padr\u00f3n Electoral y presentar su identificaci\u00f3n oficial vigente con fotograf\u00eda; en el caso de los alumnos de nuevo ingreso se validar\u00e1 su p\u00f3liza de inscripci\u00f3n con fotograf\u00eda.<\/p>\n\n\n\n<p>\u00bfCu\u00e1ndo se validar\u00e1n las elecciones y tomas de protesta?<br>Una vez terminada la jornada electoral se realizar\u00e1 el c\u00f3mputo para indicar cu\u00e1ntos votos obtuvo cada candidato y los votos nulos, los resultados ser\u00e1n compartidos en la p\u00e1gina https:\/\/elecciones.buap.mx\/.<\/p>\n\n\n\n<p>En caso de alguna impugnaci\u00f3n debe ser enviada por escrito a la Comisi\u00f3n Electoral a trav\u00e9s del correo electr\u00f3nico ce2025.medicina@correo.buap.mx, pero debe realizarse antes de que se levant\u00e9 el acta escrutinio y c\u00f3mputo de la votaci\u00f3n, o no ser\u00e1 tomado en cuenta.<\/p>\n\n\n\n<p>El martes 27 de mayo, en una sesi\u00f3n extraordinaria la Comisi\u00f3n Electoral evaluar\u00e1 la jornada electoral, comprobar\u00e1 la legalidad de los resultados y validar\u00e1 la elecci\u00f3n, posteriormente la toma de protesta se realizar\u00e1 en las siguientes fechas:<\/p>\n\n\n\n<p>Facultad de Artes Pl\u00e1sticas y Audiovisuales: 26 de mayo<br>Instituto de Ciencias Sociales y Humanidades \u00abAlfonso V\u00e9lez Pliego\u00bb: 1 de junio<br>Instituto de F\u00edsica \u00abIng. Luis Rivera Terrazas\u00bb: 1 de junio<br>Facultad de Medicina: 2 de junio<br>Facultad de Ciencias de la Comunicaci\u00f3n: 18 de agosto<br>BUAP renueva su Consejo Universitario<br>En el caso del Consejo Universitario, tambi\u00e9n concluyeron con su periodo de campa\u00f1as el 23 de mayo.<\/p>\n\n\n\n<p>Seg\u00fan la convocatoria ser\u00e1 este lunes 26 de mayo cuando se inicie con la jornada electoral a las 8:00 horas y culmine a las 18:00 horas de manera presencial en cada unidad acad\u00e9mica.<\/p>\n\n\n\n<p>Los electores deben estar registrados en el Padr\u00f3n Electoral y deber\u00e1n presentar su INE o su pasaporte para poder tener derecho a voto.<\/p>\n\n\n\n<p>En el caso de los alumnos y personal acad\u00e9mico pueden elegir un m\u00e1ximo de dos f\u00f3rmulas en su boleta y el personal no acad\u00e9mico s\u00f3lo puede marcar una f\u00f3rmula.<\/p>\n\n\n\n<p>El d\u00eda 27 de mayo de evaluar\u00e1 la elecci\u00f3n y se aprobar\u00e1, para que el d\u00eda 28 en sesi\u00f3n extraordinaria se convoque a los consejeros universitarios electos y se les tome protesta, tendr\u00e1n vigencia hasta marzo de 2027.<\/p>\n","protected":false},"excerpt":{"rendered":"<p>La Benem\u00e9rita Universidad Aut\u00f3noma de Puebla (BUAP) renovar\u00e1 la direcci\u00f3n de cinco unidades acad\u00e9micas y su Consejo Universitario este lunes 26 de mayo. El viernes reciente terminaron los periodos de campa\u00f1a de las y los aspirantes para las facultades de Medicina; Artes Pl\u00e1sticas y Audiovisuales; Comunicaci\u00f3n, as\u00ed como del Instituto de Ciencias Sociales y Humanidades [&hellip;]<\/p>\n","protected":false},"author":4,"featured_media":62763,"comment_status":"open","ping_status":"open","sticky":false,"template":"","format":"standard","meta":{"om_disable_all_campaigns":false,"_monsterinsights_skip_tracking":false,"_monsterinsights_sitenote_active":false,"_monsterinsights_sitenote_note":"","_monsterinsights_sitenote_category":0,"footnotes":""},"categories":[175],"tags":[186,223],"class_list":["post-62762","post","type-post","status-publish","format-standard","has-post-thumbnail","hentry","category-local","tag-buap","tag-puebla"],"amp_enabled":true,"_links":{"self":[{"href":"https:\/\/lahora.mx\/index.php\/wp-json\/wp\/v2\/posts\/62762","targetHints":{"allow":["GET"]}}],"collection":[{"href":"https:\/\/lahora.mx\/index.php\/wp-json\/wp\/v2\/posts"}],"about":[{"href":"https:\/\/lahora.mx\/index.php\/wp-json\/wp\/v2\/types\/post"}],"author":[{"embeddable":true,"href":"https:\/\/lahora.mx\/index.php\/wp-json\/wp\/v2\/users\/4"}],"replies":[{"embeddable":true,"href":"https:\/\/lahora.mx\/index.php\/wp-json\/wp\/v2\/comments?post=62762"}],"version-history":[{"count":1,"href":"https:\/\/lahora.mx\/index.php\/wp-json\/wp\/v2\/posts\/62762\/revisions"}],"predecessor-version":[{"id":62764,"href":"https:\/\/lahora.mx\/index.php\/wp-json\/wp\/v2\/posts\/62762\/revisions\/62764"}],"wp:featuredmedia":[{"embeddable":true,"href":"https:\/\/lahora.mx\/index.php\/wp-json\/wp\/v2\/media\/62763"}],"wp:attachment":[{"href":"https:\/\/lahora.mx\/index.php\/wp-json\/wp\/v2\/media?parent=62762"}],"wp:term":[{"taxonomy":"category","embeddable":true,"href":"https:\/\/lahora.mx\/index.php\/wp-json\/wp\/v2\/categories?post=62762"},{"taxonomy":"post_tag","embeddable":true,"href":"https:\/\/lahora.mx\/index.php\/wp-json\/wp\/v2\/tags?post=62762"}],"curies":[{"name":"wp","href":"https:\/\/api.w.org\/{rel}","templated":true}]}}