{"id":6276,"date":"2022-04-30T01:28:16","date_gmt":"2022-04-30T01:28:16","guid":{"rendered":"http:\/\/lahora.mx\/?p=6276"},"modified":"2022-05-12T12:30:37","modified_gmt":"2022-05-12T12:30:37","slug":"la-buap-rinde-homenaje-a-universitarios-y-personas-que-fallecieron-por-covid-19","status":"publish","type":"post","link":"https:\/\/lahora.mx\/index.php\/2022\/04\/30\/la-buap-rinde-homenaje-a-universitarios-y-personas-que-fallecieron-por-covid-19\/","title":{"rendered":"La BUAP rinde homenaje a universitarios y personas que fallecieron por Covid-19"},"content":{"rendered":"\n<p>En homenaje a los universitarios y ciudadanos que perdieron la vida a causa de la actual pandemia, as\u00ed como a quienes enfrentan esta enfermedad en el d\u00eda a d\u00eda, la BUAP llevar\u00e1 a cabo, el pr\u00f3ximo 5 de junio, la Reforestaci\u00f3n del Memorial COVID-19, en las instalaciones del Ecocampus Valsequillo, al sur del municipio de Puebla, en los alrededores de San Pedro Zacachimalpa y el parque \u00c1fricam Safari.<\/p>\n\n\n\n<p>Esta jornada de reforestaci\u00f3n se realizar\u00e1 en el marco del D\u00eda Mundial del Medio Ambiente. Para ello, la instituci\u00f3n invita a la comunidad universitaria y a la sociedad en general a participar en esta actividad. Los interesados deber\u00e1n registrarse en la p\u00e1gina &nbsp;<a href=\"https:\/\/aplicaciones.buap.mx\/ecocampus\/Memorial\">https:\/\/aplicaciones.buap.mx\/ecocampus\/Memorial<\/a>, hasta el 16 de mayo, con un l\u00edmite de 2 mil participantes, los cuales ser\u00e1n notificados al correo electr\u00f3nico registrado.<\/p>\n\n\n\n<p>Cada \u00e1rbol plantado del memorial llevar\u00e1 el nombre de la persona fallecida por la COVID-19 o bien en reconocimiento por su desempe\u00f1o durante la pandemia. La informaci\u00f3n correspondiente ser\u00e1 aportada por los familiares o interesados. Tambi\u00e9n podr\u00e1n participar todas las personas interesadas en la reforestaci\u00f3n.<\/p>\n\n\n\n<p>El memorial ser\u00e1 recreado en un espacio virtual en el que se asignar\u00e1 a cada \u00e1rbol el nombre de los fallecidos por COVID-19 y de las personas reconocidas por su trabajo; podr\u00e1 aparecer un mensaje y una foto elegida por los familiares. El nombre del memorial ser\u00e1 determinado luego de una consulta a la comunidad universitaria y a la sociedad.<\/p>\n\n\n\n<p>Para mayores informes sobre la Reforestaci\u00f3n del Memorial COVID-19 comunicarse por WhatsApp al n\u00famero 22 26 78 02 46; en Facebook, Instagram y Twitter como EcocampusBUAP; as\u00ed como al correo electr\u00f3nico&nbsp;<a href=\"mailto:ecocampus.valsequillo@correo.buap.mx\">ecocampus.valsequillo@correo.buap.mx<\/a>.<\/p>\n","protected":false},"excerpt":{"rendered":"<p>En homenaje a los universitarios y ciudadanos que perdieron la vida a causa de la actual pandemia, as\u00ed como a quienes enfrentan esta enfermedad en el d\u00eda a d\u00eda, la BUAP llevar\u00e1 a cabo, el pr\u00f3ximo 5 de junio, la Reforestaci\u00f3n del Memorial COVID-19, en las instalaciones del Ecocampus Valsequillo, al sur del municipio de [&hellip;]<\/p>\n","protected":false},"author":4,"featured_media":6277,"comment_status":"open","ping_status":"open","sticky":false,"template":"","format":"standard","meta":{"om_disable_all_campaigns":false,"_monsterinsights_skip_tracking":false,"_monsterinsights_sitenote_active":false,"_monsterinsights_sitenote_note":"","_monsterinsights_sitenote_category":0,"footnotes":""},"categories":[175],"tags":[186,195,223],"class_list":["post-6276","post","type-post","status-publish","format-standard","has-post-thumbnail","hentry","category-local","tag-buap","tag-principal","tag-puebla"],"amp_enabled":true,"_links":{"self":[{"href":"https:\/\/lahora.mx\/index.php\/wp-json\/wp\/v2\/posts\/6276","targetHints":{"allow":["GET"]}}],"collection":[{"href":"https:\/\/lahora.mx\/index.php\/wp-json\/wp\/v2\/posts"}],"about":[{"href":"https:\/\/lahora.mx\/index.php\/wp-json\/wp\/v2\/types\/post"}],"author":[{"embeddable":true,"href":"https:\/\/lahora.mx\/index.php\/wp-json\/wp\/v2\/users\/4"}],"replies":[{"embeddable":true,"href":"https:\/\/lahora.mx\/index.php\/wp-json\/wp\/v2\/comments?post=6276"}],"version-history":[{"count":2,"href":"https:\/\/lahora.mx\/index.php\/wp-json\/wp\/v2\/posts\/6276\/revisions"}],"predecessor-version":[{"id":13211,"href":"https:\/\/lahora.mx\/index.php\/wp-json\/wp\/v2\/posts\/6276\/revisions\/13211"}],"wp:featuredmedia":[{"embeddable":true,"href":"https:\/\/lahora.mx\/index.php\/wp-json\/wp\/v2\/media\/6277"}],"wp:attachment":[{"href":"https:\/\/lahora.mx\/index.php\/wp-json\/wp\/v2\/media?parent=6276"}],"wp:term":[{"taxonomy":"category","embeddable":true,"href":"https:\/\/lahora.mx\/index.php\/wp-json\/wp\/v2\/categories?post=6276"},{"taxonomy":"post_tag","embeddable":true,"href":"https:\/\/lahora.mx\/index.php\/wp-json\/wp\/v2\/tags?post=6276"}],"curies":[{"name":"wp","href":"https:\/\/api.w.org\/{rel}","templated":true}]}}