{"id":62759,"date":"2025-05-26T16:30:54","date_gmt":"2025-05-26T16:30:54","guid":{"rendered":"https:\/\/lahora.mx\/?p=62759"},"modified":"2025-05-26T16:30:55","modified_gmt":"2025-05-26T16:30:55","slug":"ayuntamiento-calcula-tapar-220-mil-baches-este-ano","status":"publish","type":"post","link":"https:\/\/lahora.mx\/index.php\/2025\/05\/26\/ayuntamiento-calcula-tapar-220-mil-baches-este-ano\/","title":{"rendered":"Ayuntamiento calcula tapar 220 mil baches este a\u00f1o"},"content":{"rendered":"\n<p>Durante su informe de cien d\u00edas, el alcalde de Puebla, Jos\u00e9 Chedraui Budib, anunci\u00f3 que su administraci\u00f3n atender\u00e1 todos los desperfectos detectados en las calles de la ciudad. De acuerdo con sus estimaciones, existen alrededor de 220 mil baches.<\/p>\n\n\n\n<p>Chedraui Budib detall\u00f3 que su gobierno destinar\u00e1 110 millones de pesos a esta tarea, y no descart\u00f3 implementar un nuevo programa para intervenir baches que aparezcan posteriormente.<\/p>\n\n\n\n<p>\u201cSer\u00e1n 110 millones de pesos. Se atender\u00e1n m\u00e1s de 220 mil baches; esperemos que sea suficiente\u201d, coment\u00f3.<br>Adem\u00e1s, revel\u00f3 que ya se trabaja en la pavimentaci\u00f3n de calles, debido a que muchas vialidades se encuentran en malas condiciones y requieren una rehabilitaci\u00f3n m\u00e1s profunda.<\/p>\n\n\n\n<p>Para ese rubro, la administraci\u00f3n invertir\u00e1 660 millones de pesos con el fin de ofrecer calles dignas a la cuarta ciudad m\u00e1s importante del pa\u00eds, que es Puebla.<\/p>\n\n\n\n<p>El secretario de Movilidad e Infraestructura, David Aysa, inform\u00f3 que se asignaron 100 millones de pesos para labores de bacheo, las cuales ya iniciaron a trav\u00e9s del programa \u201cBacheo Nocturno\u201d.<\/p>\n\n\n\n<p>Sin embargo, reconoci\u00f3 que ese recurso podr\u00eda ser insuficiente, por lo que se prev\u00e9 solicitar un adelanto de aportaciones federales con el fin de ampliar la cobertura de los trabajos y responder a una de las principales quejas de la ciudadan\u00eda. (LV)<\/p>\n\n\n\n<p>La V\u00eda Metropolitana funcionar\u00e1 cada domingo, ya que el gobierno del estado planea implementarla de forma semanal por lo que se prepara para su rehabilitaci\u00f3n, inform\u00f3 el gobernador Alejandro Armenta Mier.<\/p>\n\n\n\n<p>En entrevista, el mandatario estatal revel\u00f3 que sostendr\u00e1 una reuni\u00f3n con las personas que impulsaron este proyecto hace diez a\u00f1os, con el fin de consolidar una iniciativa regional entre municipios de la zona metropolitana.<\/p>\n\n\n\n<p>Alejandro Armenta adelant\u00f3 que invitar\u00e1 a la presidenta municipal de San Andr\u00e9s Cholula para ampliar el circuito y beneficiar a m\u00e1s personas con esta v\u00eda recreativa y de convivencia.<\/p>\n\n\n\n<p>\u201cYa escucharon: habr\u00e1 mesa de trabajo. Participar\u00e1n los presidentes municipales, invitaremos al de San Andr\u00e9s. Yo, de entrada, digo que s\u00ed. Puse un plazo porque, si no, las cosas no avanzan. Tenemos un mes para rehabilitarla\u201d, coment\u00f3.<\/p>\n\n\n\n<p>Por otro lado, el gobernador asegur\u00f3 que su administraci\u00f3n permitir\u00e1 las manifestaciones, esto tras el cierre de la avenida Federal Atlixco por parte de pobladores de San Andr\u00e9s Cholula inconformes con su exclusi\u00f3n por parte del Ayuntamiento en los planes de desarrollo urbano.<\/p>\n\n\n\n<p>Precis\u00f3 que respetar\u00e1 las protestas mientras sean leg\u00edtimas, y advirti\u00f3 que sancionar\u00e1 a quienes violen la ley.<\/p>\n\n\n\n<p>\u201cTenemos que buscar justicia para todos. No se trata de confrontar a los poblanos, ese es el mensaje, no se trata de confrontar a los poblanos, sino de conciliar a los poblanos\u201d, expres\u00f3.<\/p>\n","protected":false},"excerpt":{"rendered":"<p>Durante su informe de cien d\u00edas, el alcalde de Puebla, Jos\u00e9 Chedraui Budib, anunci\u00f3 que su administraci\u00f3n atender\u00e1 todos los desperfectos detectados en las calles de la ciudad. De acuerdo con sus estimaciones, existen alrededor de 220 mil baches. Chedraui Budib detall\u00f3 que su gobierno destinar\u00e1 110 millones de pesos a esta tarea, y no [&hellip;]<\/p>\n","protected":false},"author":4,"featured_media":62760,"comment_status":"open","ping_status":"open","sticky":false,"template":"","format":"standard","meta":{"om_disable_all_campaigns":false,"_monsterinsights_skip_tracking":false,"_monsterinsights_sitenote_active":false,"_monsterinsights_sitenote_note":"","_monsterinsights_sitenote_category":0,"footnotes":""},"categories":[175],"tags":[223],"class_list":["post-62759","post","type-post","status-publish","format-standard","has-post-thumbnail","hentry","category-local","tag-puebla"],"amp_enabled":true,"_links":{"self":[{"href":"https:\/\/lahora.mx\/index.php\/wp-json\/wp\/v2\/posts\/62759","targetHints":{"allow":["GET"]}}],"collection":[{"href":"https:\/\/lahora.mx\/index.php\/wp-json\/wp\/v2\/posts"}],"about":[{"href":"https:\/\/lahora.mx\/index.php\/wp-json\/wp\/v2\/types\/post"}],"author":[{"embeddable":true,"href":"https:\/\/lahora.mx\/index.php\/wp-json\/wp\/v2\/users\/4"}],"replies":[{"embeddable":true,"href":"https:\/\/lahora.mx\/index.php\/wp-json\/wp\/v2\/comments?post=62759"}],"version-history":[{"count":1,"href":"https:\/\/lahora.mx\/index.php\/wp-json\/wp\/v2\/posts\/62759\/revisions"}],"predecessor-version":[{"id":62761,"href":"https:\/\/lahora.mx\/index.php\/wp-json\/wp\/v2\/posts\/62759\/revisions\/62761"}],"wp:featuredmedia":[{"embeddable":true,"href":"https:\/\/lahora.mx\/index.php\/wp-json\/wp\/v2\/media\/62760"}],"wp:attachment":[{"href":"https:\/\/lahora.mx\/index.php\/wp-json\/wp\/v2\/media?parent=62759"}],"wp:term":[{"taxonomy":"category","embeddable":true,"href":"https:\/\/lahora.mx\/index.php\/wp-json\/wp\/v2\/categories?post=62759"},{"taxonomy":"post_tag","embeddable":true,"href":"https:\/\/lahora.mx\/index.php\/wp-json\/wp\/v2\/tags?post=62759"}],"curies":[{"name":"wp","href":"https:\/\/api.w.org\/{rel}","templated":true}]}}