{"id":62753,"date":"2025-05-26T16:13:58","date_gmt":"2025-05-26T16:13:58","guid":{"rendered":"https:\/\/lahora.mx\/?p=62753"},"modified":"2025-05-26T16:13:58","modified_gmt":"2025-05-26T16:13:58","slug":"esposa-de-macron-lo-cachetea-y-se-viraliza-video","status":"publish","type":"post","link":"https:\/\/lahora.mx\/index.php\/2025\/05\/26\/esposa-de-macron-lo-cachetea-y-se-viraliza-video\/","title":{"rendered":"\u00a1Esposa de Macron lo cachetea! y se viraliza video"},"content":{"rendered":"\n<p class=\"wp-block-paragraph\">El presidente franc\u00e9s, Emmanuel Macron, desminti\u00f3 el lunes haber tenido una \u00abpelea dom\u00e9stica\u00bb con su esposa tras la publicaci\u00f3n de im\u00e1genes que se volvieron virales en las que se ve a su mujer d\u00e1ndole un manotazo a su llegada a Vietnam al inicio de una gira por el Sudeste Asi\u00e1tico.<\/p>\n\n\n\n<p class=\"wp-block-paragraph\">La agencia de noticias Associated Press capt\u00f3 el domingo por la noche el incidente a la llegada a Han\u00f3i del avi\u00f3n presidencial.<\/p>\n\n\n\n<p class=\"wp-block-paragraph\">En las im\u00e1genes se ve el momento en el que se abre la puerta del avi\u00f3n. Detr\u00e1s se ve a Macron hablando con su esposa, Brigitte &#8211;de la que solo se ven los brazos&#8211; cuando de repente esta le empuja violentamente el rostro con ambas manos.<\/p>\n\n\n\n<p class=\"wp-block-paragraph\">Macron parece sorprendido, se gira r\u00e1pidamente y saluda a los medios, tratando de actuar con normalidad.<\/p>\n\n\n\n<p class=\"wp-block-paragraph\">Enseguida, la pareja baja las escaleras del avi\u00f3n y Emmanuel Macron tiende el brazo a su esposa, como es su costumbre, pero ella lo ignora y se apoya en la barandilla.<\/p>\n\n\n\n<p class=\"wp-block-paragraph\"><br>Video se viraliza en las redes sociales<br>El video, que se volvi\u00f3 viral, ha desatado un aluvi\u00f3n de comentarios en las redes sociales.<\/p>\n\n\n\n<p class=\"wp-block-paragraph\">En comentarios a periodistas en la capital vietnamita, Macron neg\u00f3 que \u00e9l y su esposa tuvieran una \u00abpelea dom\u00e9stica\u00bb y asegur\u00f3 que estaban \u00abbromeando\u00bb.<br>Con mi esposa est\u00e1bamos bromeando, como lo hacemos a menudo\u00bb, explic\u00f3 el jefe de Estado franc\u00e9s, que pidi\u00f3 \u00abcalma a todo el mundo\u00bb sobre la interpretaci\u00f3n de estas im\u00e1genes.<\/p>\n\n\n\n<p class=\"wp-block-paragraph\">En un primer momento la oficina de Macron neg\u00f3 inicialmente la autenticidad de las im\u00e1genes, antes de que se confirmara que eran ver\u00eddicas.<\/p>\n\n\n\n<p class=\"wp-block-paragraph\">Posteriormente un colaborador del presidente describi\u00f3 el incidente como una inofensiva \u00abri\u00f1a\u00bb de pareja.<\/p>\n\n\n\n<p class=\"wp-block-paragraph\">Otro miembro de su c\u00edrculo rest\u00f3 importancia al incidente. \u00abFue un momento en el que el presidente y su esposa se relajaban antes del inicio de la visita, estaban bromeando\u00bb, dijo esta fuente que pidi\u00f3 no ser nombrada.<\/p>\n\n\n\n<p class=\"wp-block-paragraph\">Es un momento de complicidad\u00bb, a\u00f1adi\u00f3.<\/p>\n\n\n\n<p class=\"wp-block-paragraph\">Vietnam es la primera parada de una gira de casi una semana de Macron por el sudeste asi\u00e1tico, en la que visitar\u00e1 tambi\u00e9n Indonesia y Singapur.<\/p>\n","protected":false},"excerpt":{"rendered":"<p>El presidente franc\u00e9s, Emmanuel Macron, desminti\u00f3 el lunes haber tenido una \u00abpelea dom\u00e9stica\u00bb con su esposa tras la publicaci\u00f3n de im\u00e1genes que se volvieron virales en las que se ve a su mujer d\u00e1ndole un manotazo a su llegada a Vietnam al inicio de una gira por el Sudeste Asi\u00e1tico. La agencia de noticias Associated [&hellip;]<\/p>\n","protected":false},"author":4,"featured_media":62754,"comment_status":"open","ping_status":"open","sticky":false,"template":"","format":"standard","meta":{"om_disable_all_campaigns":false,"_monsterinsights_skip_tracking":false,"footnotes":""},"categories":[183],"tags":[],"class_list":["post-62753","post","type-post","status-publish","format-standard","has-post-thumbnail","hentry","category-internacional"],"amp_enabled":true,"_links":{"self":[{"href":"https:\/\/lahora.mx\/index.php\/wp-json\/wp\/v2\/posts\/62753","targetHints":{"allow":["GET"]}}],"collection":[{"href":"https:\/\/lahora.mx\/index.php\/wp-json\/wp\/v2\/posts"}],"about":[{"href":"https:\/\/lahora.mx\/index.php\/wp-json\/wp\/v2\/types\/post"}],"author":[{"embeddable":true,"href":"https:\/\/lahora.mx\/index.php\/wp-json\/wp\/v2\/users\/4"}],"replies":[{"embeddable":true,"href":"https:\/\/lahora.mx\/index.php\/wp-json\/wp\/v2\/comments?post=62753"}],"version-history":[{"count":1,"href":"https:\/\/lahora.mx\/index.php\/wp-json\/wp\/v2\/posts\/62753\/revisions"}],"predecessor-version":[{"id":62755,"href":"https:\/\/lahora.mx\/index.php\/wp-json\/wp\/v2\/posts\/62753\/revisions\/62755"}],"wp:featuredmedia":[{"embeddable":true,"href":"https:\/\/lahora.mx\/index.php\/wp-json\/wp\/v2\/media\/62754"}],"wp:attachment":[{"href":"https:\/\/lahora.mx\/index.php\/wp-json\/wp\/v2\/media?parent=62753"}],"wp:term":[{"taxonomy":"category","embeddable":true,"href":"https:\/\/lahora.mx\/index.php\/wp-json\/wp\/v2\/categories?post=62753"},{"taxonomy":"post_tag","embeddable":true,"href":"https:\/\/lahora.mx\/index.php\/wp-json\/wp\/v2\/tags?post=62753"}],"curies":[{"name":"wp","href":"https:\/\/api.w.org\/{rel}","templated":true}]}}