{"id":62748,"date":"2025-05-26T03:34:42","date_gmt":"2025-05-26T03:34:42","guid":{"rendered":"https:\/\/lahora.mx\/?p=62748"},"modified":"2025-05-26T03:34:43","modified_gmt":"2025-05-26T03:34:43","slug":"vecinos-de-mayorazgo-estarian-sin-agua-una-semana-se-desata-el-rumor","status":"publish","type":"post","link":"https:\/\/lahora.mx\/index.php\/2025\/05\/26\/vecinos-de-mayorazgo-estarian-sin-agua-una-semana-se-desata-el-rumor\/","title":{"rendered":"Vecinos de Mayorazgo estar\u00edan sin agua una semana, se desata el rumor"},"content":{"rendered":"\n<p>Una semana estar\u00e1n sin agua vecinos de San Jos\u00e9 Mayorazgo y colonias aleda\u00f1as en la ciudad de Puebla, debido a que se detect\u00f3 una fuga en las tuber\u00edas.<\/p>\n\n\n\n<p>A trav\u00e9s de una circular, la Mesa Directiva de San Jos\u00e9 Mayorazgo inform\u00f3 a los vecinos que la empresa Agua de Puebla les comunic\u00f3 que no tendr\u00e1n servicio de agua hasta el pr\u00f3ximo viernes 30 de mayo.<\/p>\n\n\n\n<p>Seg\u00fan la explicaci\u00f3n de la concesionaria, esto se debe a que detectaron una mega fuga y determinaron el cierre de los pozos que distribuyen a las colonias de esta zona.<\/p>\n\n\n\n<p>Por lo que se esperan que los trabajos de reparaci\u00f3n duren toda esta semana y hasta que se compruebe que est\u00e1 reparada la fuga les surtir\u00e1n de agua.<\/p>\n\n\n\n<p>Debido a esta situaci\u00f3n vecinos est\u00e1n preocupados, pues es esencial el uso de agua para sus actividades cotidianas y puede representar un gasto mayor el contratar pipas para abastecerse.<\/p>\n\n\n\n<p>e-consulta solicit\u00f3 una postura de Agua de Puebla para saber qu\u00e9 alternativas les han dado a la poblaci\u00f3n que estar\u00e1 sin agua, sin embargo al corte de esta edici\u00f3n no han respondido.<\/p>\n","protected":false},"excerpt":{"rendered":"<p>Una semana estar\u00e1n sin agua vecinos de San Jos\u00e9 Mayorazgo y colonias aleda\u00f1as en la ciudad de Puebla, debido a que se detect\u00f3 una fuga en las tuber\u00edas. A trav\u00e9s de una circular, la Mesa Directiva de San Jos\u00e9 Mayorazgo inform\u00f3 a los vecinos que la empresa Agua de Puebla les comunic\u00f3 que no tendr\u00e1n [&hellip;]<\/p>\n","protected":false},"author":4,"featured_media":62749,"comment_status":"open","ping_status":"open","sticky":false,"template":"","format":"standard","meta":{"om_disable_all_campaigns":false,"_monsterinsights_skip_tracking":false,"_monsterinsights_sitenote_active":false,"_monsterinsights_sitenote_note":"","_monsterinsights_sitenote_category":0,"footnotes":""},"categories":[175],"tags":[223],"class_list":["post-62748","post","type-post","status-publish","format-standard","has-post-thumbnail","hentry","category-local","tag-puebla"],"amp_enabled":true,"_links":{"self":[{"href":"https:\/\/lahora.mx\/index.php\/wp-json\/wp\/v2\/posts\/62748","targetHints":{"allow":["GET"]}}],"collection":[{"href":"https:\/\/lahora.mx\/index.php\/wp-json\/wp\/v2\/posts"}],"about":[{"href":"https:\/\/lahora.mx\/index.php\/wp-json\/wp\/v2\/types\/post"}],"author":[{"embeddable":true,"href":"https:\/\/lahora.mx\/index.php\/wp-json\/wp\/v2\/users\/4"}],"replies":[{"embeddable":true,"href":"https:\/\/lahora.mx\/index.php\/wp-json\/wp\/v2\/comments?post=62748"}],"version-history":[{"count":1,"href":"https:\/\/lahora.mx\/index.php\/wp-json\/wp\/v2\/posts\/62748\/revisions"}],"predecessor-version":[{"id":62750,"href":"https:\/\/lahora.mx\/index.php\/wp-json\/wp\/v2\/posts\/62748\/revisions\/62750"}],"wp:featuredmedia":[{"embeddable":true,"href":"https:\/\/lahora.mx\/index.php\/wp-json\/wp\/v2\/media\/62749"}],"wp:attachment":[{"href":"https:\/\/lahora.mx\/index.php\/wp-json\/wp\/v2\/media?parent=62748"}],"wp:term":[{"taxonomy":"category","embeddable":true,"href":"https:\/\/lahora.mx\/index.php\/wp-json\/wp\/v2\/categories?post=62748"},{"taxonomy":"post_tag","embeddable":true,"href":"https:\/\/lahora.mx\/index.php\/wp-json\/wp\/v2\/tags?post=62748"}],"curies":[{"name":"wp","href":"https:\/\/api.w.org\/{rel}","templated":true}]}}