{"id":62745,"date":"2025-05-26T03:16:39","date_gmt":"2025-05-26T03:16:39","guid":{"rendered":"https:\/\/lahora.mx\/?p=62745"},"modified":"2025-05-26T03:16:39","modified_gmt":"2025-05-26T03:16:39","slug":"motociclistas-aprovechan-rodada-en-atlixco-y-fijan-postura-contra-ley-chaleco","status":"publish","type":"post","link":"https:\/\/lahora.mx\/index.php\/2025\/05\/26\/motociclistas-aprovechan-rodada-en-atlixco-y-fijan-postura-contra-ley-chaleco\/","title":{"rendered":"Motociclistas aprovechan rodada en Atlixco y fijan postura contra Ley Chaleco"},"content":{"rendered":"\n<p>Atlixco se convirti\u00f3 nuevamente en el punto de encuentro para motociclistas que participaron en el evento nacional \u201c1200 Sentimientos C\u00fabicos Mx\u201d, una rodada que reuni\u00f3 a m\u00e1s de 800 bikers provenientes de estados como M\u00e9xico, Tlaxcala, Morelos y Puebla, quienes hicieron parada en Atlixco como parte de su recorrido anual.<\/p>\n\n\n\n<p>La concentraci\u00f3n, que arranc\u00f3 desde la ciudad de Puebla, no solo fue una celebraci\u00f3n del motociclismo, sino tambi\u00e9n una manifestaci\u00f3n colectiva contra la llamada Ley Chaleco, propuesta que obligar\u00eda a los motociclistas a portar un chaleco y casco con matr\u00edcula visible para disminuir los incidentes delictivos.<\/p>\n\n\n\n<p>En entrevista, Jos\u00e9 Mario Rold\u00e1n, con m\u00e1s de ocho a\u00f1os en el mundo biker, expres\u00f3 su preocupaci\u00f3n por esta medida, al considerar que lejos de ofrecer seguridad, estigmatiza a los motociclistas.<\/p>\n\n\n\n<p>\u201cNos ven como delincuentes cuando muchos de nosotros tambi\u00e9n hemos sido v\u00edctimas de asaltos. Las autoridades deber\u00edan replantear su estrategia de seguridad\u201d, afirm\u00f3.<\/p>\n\n\n\n<p>Rold\u00e1n comparti\u00f3 que su pasi\u00f3n por las motos comenz\u00f3 desde la infancia, heredada por su abuelo, y que hoy representa para \u00e9l una forma de libertad. \u201cPara muchos las motos son peligrosas, pero para m\u00ed es un espacio seguro, de conexi\u00f3n y libertad\u201d expres\u00f3.<\/p>\n\n\n\n<p>El rechazo a la Ley Chaleco tambi\u00e9n lo sustentan en razones econ\u00f3micas y culturales: \u201cNo solo se trata del gasto adicional para cumplir con estas nuevas exigencias, sino del valor sentimental que cada biker le da a su chaleco. Ah\u00ed est\u00e1n nuestras historias, nuestras ca\u00eddas, nuestras rutas. Taparlas con una matr\u00edcula ser\u00eda borrar una parte de nosotros\u201d, explic\u00f3.<\/p>\n\n\n\n<p>Motociclistas aprovechan rodada en Atlixco y fijan postura contra Ley Chaleco<\/p>\n\n\n\n<p>Durante el evento, los motociclistas aprovecharon para exhibir sus unidades, muchas de ellas, aseguran fueron modificadas y personalizadas con accesorios que reflejan el esfuerzo y la pasi\u00f3n que le dedican a este estilo de vida.<\/p>\n\n\n\n<p>Algunos participantes comentaron que han invertido m\u00e1s de medio mill\u00f3n de pesos en sus motos, no solo por est\u00e9tica, sino tambi\u00e9n por seguridad y rendimiento en carretera.<\/p>\n\n\n\n<p>Esta rodada se realiza por segundo a\u00f1o consecutivo en Atlixco para fortalecer la convivencia entre los clubes y seguir promoviendo el respeto hacia la comunidad biker.<\/p>\n","protected":false},"excerpt":{"rendered":"<p>Atlixco se convirti\u00f3 nuevamente en el punto de encuentro para motociclistas que participaron en el evento nacional \u201c1200 Sentimientos C\u00fabicos Mx\u201d, una rodada que reuni\u00f3 a m\u00e1s de 800 bikers provenientes de estados como M\u00e9xico, Tlaxcala, Morelos y Puebla, quienes hicieron parada en Atlixco como parte de su recorrido anual. La concentraci\u00f3n, que arranc\u00f3 desde [&hellip;]<\/p>\n","protected":false},"author":4,"featured_media":62746,"comment_status":"open","ping_status":"open","sticky":false,"template":"","format":"standard","meta":{"om_disable_all_campaigns":false,"_monsterinsights_skip_tracking":false,"_monsterinsights_sitenote_active":false,"_monsterinsights_sitenote_note":"","_monsterinsights_sitenote_category":0,"footnotes":""},"categories":[175],"tags":[223],"class_list":["post-62745","post","type-post","status-publish","format-standard","has-post-thumbnail","hentry","category-local","tag-puebla"],"amp_enabled":true,"_links":{"self":[{"href":"https:\/\/lahora.mx\/index.php\/wp-json\/wp\/v2\/posts\/62745","targetHints":{"allow":["GET"]}}],"collection":[{"href":"https:\/\/lahora.mx\/index.php\/wp-json\/wp\/v2\/posts"}],"about":[{"href":"https:\/\/lahora.mx\/index.php\/wp-json\/wp\/v2\/types\/post"}],"author":[{"embeddable":true,"href":"https:\/\/lahora.mx\/index.php\/wp-json\/wp\/v2\/users\/4"}],"replies":[{"embeddable":true,"href":"https:\/\/lahora.mx\/index.php\/wp-json\/wp\/v2\/comments?post=62745"}],"version-history":[{"count":1,"href":"https:\/\/lahora.mx\/index.php\/wp-json\/wp\/v2\/posts\/62745\/revisions"}],"predecessor-version":[{"id":62747,"href":"https:\/\/lahora.mx\/index.php\/wp-json\/wp\/v2\/posts\/62745\/revisions\/62747"}],"wp:featuredmedia":[{"embeddable":true,"href":"https:\/\/lahora.mx\/index.php\/wp-json\/wp\/v2\/media\/62746"}],"wp:attachment":[{"href":"https:\/\/lahora.mx\/index.php\/wp-json\/wp\/v2\/media?parent=62745"}],"wp:term":[{"taxonomy":"category","embeddable":true,"href":"https:\/\/lahora.mx\/index.php\/wp-json\/wp\/v2\/categories?post=62745"},{"taxonomy":"post_tag","embeddable":true,"href":"https:\/\/lahora.mx\/index.php\/wp-json\/wp\/v2\/tags?post=62745"}],"curies":[{"name":"wp","href":"https:\/\/api.w.org\/{rel}","templated":true}]}}