{"id":62742,"date":"2025-05-26T02:52:17","date_gmt":"2025-05-26T02:52:17","guid":{"rendered":"https:\/\/lahora.mx\/?p=62742"},"modified":"2025-05-26T02:52:18","modified_gmt":"2025-05-26T02:52:18","slug":"emite-gobierno-de-la-ciudad-recomendaciones-por-lluvias-en-zonas-bajas","status":"publish","type":"post","link":"https:\/\/lahora.mx\/index.php\/2025\/05\/26\/emite-gobierno-de-la-ciudad-recomendaciones-por-lluvias-en-zonas-bajas\/","title":{"rendered":"Emite Gobierno de la Ciudad recomendaciones por lluvias en zonas bajas"},"content":{"rendered":"\n<p>Con el objetivo de proteger a la ciudadan\u00eda y prevenir afectaciones durante la temporada de lluvias, el Gobierno de la Ciudad, a trav\u00e9s de la Direcci\u00f3n de Gesti\u00f3n de Riesgo en Materia de Protecci\u00f3n Civil de la Secretar\u00eda de Gesti\u00f3n y Desarrollo Urbano, emite una serie de recomendaciones para evitar inundaciones, especialmente en zonas bajas del municipio.<\/p>\n\n\n\n<p>Se invita a la poblaci\u00f3n a seguir estas medidas preventivas:<\/p>\n\n\n\n<p>Saca la basura en los horarios establecidos y depos\u00edtala en los contenedores designados para evitar taponamientos en alcantarillas y mantener limpias las calles<br>Asegura bien las bolsas de basura para prevenir que se rompan y generen focos de infecci\u00f3n o bloqueos en el drenaje<br>No arrojes escombros, residuos voluminosos ni colillas en la v\u00eda p\u00fablica, r\u00edos o barrancas; obstruyen el flujo de agua y representan riesgos ambientales<br>Mant\u00e9n limpio el frente de tu domicilio para evitar la acumulaci\u00f3n de desechos que puedan obstruir las corrientes pluviales<br>Fomenta el reciclaje y evita verter aceites en el drenaje; as\u00ed cuidas los cuerpos de agua y la infraestructura hidr\u00e1ulica<br>El presidente municipal, Jos\u00e9 Chedraui, reafirm\u00f3 as\u00ed su compromiso con la protecci\u00f3n civil y el desarrollo urbano sostenible, haciendo un llamado a la corresponsabilidad ciudadana para reducir emergencias y mantener una ciudad ordenada.<\/p>\n\n\n\n<p>Emite Gobierno de la Ciudad recomendaciones por lluvias en zonas bajas<br>Se exhorta a la ciudadan\u00eda a mantenerse atenta a la informaci\u00f3n oficial en canales institucionales y oficinas del Gobierno de la Ciudad. En caso de emergencia, comun\u00edcate al 911.<\/p>\n","protected":false},"excerpt":{"rendered":"<p>Con el objetivo de proteger a la ciudadan\u00eda y prevenir afectaciones durante la temporada de lluvias, el Gobierno de la Ciudad, a trav\u00e9s de la Direcci\u00f3n de Gesti\u00f3n de Riesgo en Materia de Protecci\u00f3n Civil de la Secretar\u00eda de Gesti\u00f3n y Desarrollo Urbano, emite una serie de recomendaciones para evitar inundaciones, especialmente en zonas bajas [&hellip;]<\/p>\n","protected":false},"author":4,"featured_media":62743,"comment_status":"open","ping_status":"open","sticky":false,"template":"","format":"standard","meta":{"om_disable_all_campaigns":false,"_monsterinsights_skip_tracking":false,"_monsterinsights_sitenote_active":false,"_monsterinsights_sitenote_note":"","_monsterinsights_sitenote_category":0,"footnotes":""},"categories":[175],"tags":[239,223],"class_list":["post-62742","post","type-post","status-publish","format-standard","has-post-thumbnail","hentry","category-local","tag-gobierno","tag-puebla"],"amp_enabled":true,"_links":{"self":[{"href":"https:\/\/lahora.mx\/index.php\/wp-json\/wp\/v2\/posts\/62742","targetHints":{"allow":["GET"]}}],"collection":[{"href":"https:\/\/lahora.mx\/index.php\/wp-json\/wp\/v2\/posts"}],"about":[{"href":"https:\/\/lahora.mx\/index.php\/wp-json\/wp\/v2\/types\/post"}],"author":[{"embeddable":true,"href":"https:\/\/lahora.mx\/index.php\/wp-json\/wp\/v2\/users\/4"}],"replies":[{"embeddable":true,"href":"https:\/\/lahora.mx\/index.php\/wp-json\/wp\/v2\/comments?post=62742"}],"version-history":[{"count":1,"href":"https:\/\/lahora.mx\/index.php\/wp-json\/wp\/v2\/posts\/62742\/revisions"}],"predecessor-version":[{"id":62744,"href":"https:\/\/lahora.mx\/index.php\/wp-json\/wp\/v2\/posts\/62742\/revisions\/62744"}],"wp:featuredmedia":[{"embeddable":true,"href":"https:\/\/lahora.mx\/index.php\/wp-json\/wp\/v2\/media\/62743"}],"wp:attachment":[{"href":"https:\/\/lahora.mx\/index.php\/wp-json\/wp\/v2\/media?parent=62742"}],"wp:term":[{"taxonomy":"category","embeddable":true,"href":"https:\/\/lahora.mx\/index.php\/wp-json\/wp\/v2\/categories?post=62742"},{"taxonomy":"post_tag","embeddable":true,"href":"https:\/\/lahora.mx\/index.php\/wp-json\/wp\/v2\/tags?post=62742"}],"curies":[{"name":"wp","href":"https:\/\/api.w.org\/{rel}","templated":true}]}}