{"id":62733,"date":"2025-05-26T02:36:53","date_gmt":"2025-05-26T02:36:53","guid":{"rendered":"https:\/\/lahora.mx\/?p=62733"},"modified":"2025-05-26T02:36:54","modified_gmt":"2025-05-26T02:36:54","slug":"este-30-de-mayo-no-habra-clases-por-sesion-de-consejo-tecnico-escolar","status":"publish","type":"post","link":"https:\/\/lahora.mx\/index.php\/2025\/05\/26\/este-30-de-mayo-no-habra-clases-por-sesion-de-consejo-tecnico-escolar\/","title":{"rendered":"Este 30 de mayo no habr\u00e1 clases por sesi\u00f3n de Consejo T\u00e9cnico Escolar"},"content":{"rendered":"\n<p>El pr\u00f3ximo\u00a0<strong>viernes 30 de mayo<\/strong>, alumnos de\u00a0<strong>preescolar, primaria y secundaria<\/strong>\u00a0en todo el pa\u00eds\u00a0<strong>no asistir\u00e1n a clases<\/strong>, ya que las y los\u00a0<strong>maestros<\/strong>\u00a0dedicar\u00e1n ese d\u00eda a participar en el\u00a0<strong>Consejo T\u00e9cnico Escolar<\/strong>. Esta suspensi\u00f3n se realiza de forma habitual el\u00a0<strong>\u00faltimo viernes de cada mes<\/strong>\u00a0y forma parte del calendario oficial del ciclo escolar\u00a0<strong>2024-2025<\/strong>, establecido por la\u00a0<strong>Secretar\u00eda de Educaci\u00f3n P\u00fablica (SEP)<\/strong>.<br><br>Durante esta jornada, las escuelas permanecen abiertas pero solo para el personal docente, quienes aprovechan este tiempo para evaluar c\u00f3mo va el ciclo escolar, compartir experiencias, analizar materiales y planear estrategias que ayuden a mejorar la ense\u00f1anza y el ambiente escolar. Por su parte, los estudiantes se quedan en casa y retoman actividades normales el siguiente lunes.<\/p>\n\n\n\n<p>El Consejo T\u00e9cnico Escolar es un espacio pensado para que los maestros reflexionen sobre la realidad de cada plantel, buscando soluciones concretas que beneficien a ni\u00f1as, ni\u00f1os y adolescentes. En esta ocasi\u00f3n, ser\u00e1 la pen\u00faltima reuni\u00f3n mensual de este ciclo, ya que la \u00faltima est\u00e1 programada para julio, justo antes de terminar las clases.<\/p>\n\n\n\n<p>En relaci\u00f3n con el cierre del ciclo escolar, la SEP informa que la entrega de boletas a los padres y tutores se realizar\u00e1 entre el 14 y 15 de julio. Las clases concluir\u00e1n oficialmente el 16 de julio, dando paso al periodo vacacional de verano.<\/p>\n\n\n\n<p>Sobre el inicio del ciclo 2025-2026, aunque a\u00fan no se confirma la fecha exacta, se espera que las clases comiencen aproximadamente el 25 de agosto. Sin embargo, el secretario de Educaci\u00f3n, Mario Delgado, ha sugerido que el regreso podr\u00eda retrasarse a septiembre para que el personal docente disfrute de un descanso m\u00e1s largo. La SEP anunciar\u00e1 pronto el calendario oficial con las fechas definitivas.<\/p>\n","protected":false},"excerpt":{"rendered":"<p>El pr\u00f3ximo\u00a0viernes 30 de mayo, alumnos de\u00a0preescolar, primaria y secundaria\u00a0en todo el pa\u00eds\u00a0no asistir\u00e1n a clases, ya que las y los\u00a0maestros\u00a0dedicar\u00e1n ese d\u00eda a participar en el\u00a0Consejo T\u00e9cnico Escolar. Esta suspensi\u00f3n se realiza de forma habitual el\u00a0\u00faltimo viernes de cada mes\u00a0y forma parte del calendario oficial del ciclo escolar\u00a02024-2025, establecido por la\u00a0Secretar\u00eda de Educaci\u00f3n P\u00fablica [&hellip;]<\/p>\n","protected":false},"author":4,"featured_media":62734,"comment_status":"open","ping_status":"open","sticky":false,"template":"","format":"standard","meta":{"om_disable_all_campaigns":false,"_monsterinsights_skip_tracking":false,"_monsterinsights_sitenote_active":false,"_monsterinsights_sitenote_note":"","_monsterinsights_sitenote_category":0,"footnotes":""},"categories":[175],"tags":[195,223],"class_list":["post-62733","post","type-post","status-publish","format-standard","has-post-thumbnail","hentry","category-local","tag-principal","tag-puebla"],"amp_enabled":true,"_links":{"self":[{"href":"https:\/\/lahora.mx\/index.php\/wp-json\/wp\/v2\/posts\/62733","targetHints":{"allow":["GET"]}}],"collection":[{"href":"https:\/\/lahora.mx\/index.php\/wp-json\/wp\/v2\/posts"}],"about":[{"href":"https:\/\/lahora.mx\/index.php\/wp-json\/wp\/v2\/types\/post"}],"author":[{"embeddable":true,"href":"https:\/\/lahora.mx\/index.php\/wp-json\/wp\/v2\/users\/4"}],"replies":[{"embeddable":true,"href":"https:\/\/lahora.mx\/index.php\/wp-json\/wp\/v2\/comments?post=62733"}],"version-history":[{"count":1,"href":"https:\/\/lahora.mx\/index.php\/wp-json\/wp\/v2\/posts\/62733\/revisions"}],"predecessor-version":[{"id":62735,"href":"https:\/\/lahora.mx\/index.php\/wp-json\/wp\/v2\/posts\/62733\/revisions\/62735"}],"wp:featuredmedia":[{"embeddable":true,"href":"https:\/\/lahora.mx\/index.php\/wp-json\/wp\/v2\/media\/62734"}],"wp:attachment":[{"href":"https:\/\/lahora.mx\/index.php\/wp-json\/wp\/v2\/media?parent=62733"}],"wp:term":[{"taxonomy":"category","embeddable":true,"href":"https:\/\/lahora.mx\/index.php\/wp-json\/wp\/v2\/categories?post=62733"},{"taxonomy":"post_tag","embeddable":true,"href":"https:\/\/lahora.mx\/index.php\/wp-json\/wp\/v2\/tags?post=62733"}],"curies":[{"name":"wp","href":"https:\/\/api.w.org\/{rel}","templated":true}]}}