{"id":62730,"date":"2025-05-25T21:41:28","date_gmt":"2025-05-25T21:41:28","guid":{"rendered":"https:\/\/lahora.mx\/?p=62730"},"modified":"2025-05-25T21:41:29","modified_gmt":"2025-05-25T21:41:29","slug":"por-las-familias-vamos-por-la-via-recreativa-todos-los-domingos-alejandro-armenta","status":"publish","type":"post","link":"https:\/\/lahora.mx\/index.php\/2025\/05\/25\/por-las-familias-vamos-por-la-via-recreativa-todos-los-domingos-alejandro-armenta\/","title":{"rendered":"\u201cPor las familias, vamos por la V\u00eda Recreativa todos los domingos\u201d: Alejandro Armenta"},"content":{"rendered":"\n<p>En una ma\u00f1ana festiva, cientos de familias poblanas se sumaron al acto conmemorativo por el d\u00e9cimo aniversario de la V\u00eda Recreativa Metropolitana, en un ambiente familiar que reuni\u00f3 a ciclistas, patinadores, corredores, ni\u00f1as, ni\u00f1os, mascotas y ciudadanos comprometidos con una ciudad m\u00e1s activa y humana.<\/p>\n\n\n\n<p>Durante su intervenci\u00f3n, el gobernador Alejandro Armenta, acompa\u00f1ado de su hija Cristy, destac\u00f3 que esta v\u00eda es s\u00edmbolo de la reconstrucci\u00f3n del tejido social y del enfoque humanista del actual gobierno. \u201cVamos por el circuito todos los domingos. Este es un bien p\u00fablico que armoniza derechos: quien pedalea tambi\u00e9n conduce un veh\u00edculo. Nos toca conciliar, no confrontar\u201d, afirm\u00f3, al tiempo que propuso una ciclov\u00eda permanente que conecte a Puebla con San Andr\u00e9s y San Pedro Cholula.<\/p>\n\n\n\n<p>Tambi\u00e9n Alejandro Armenta anunci\u00f3 una pr\u00f3xima mesa de trabajo para definir la ampliaci\u00f3n de horarios y fechas de la v\u00eda, con una resoluci\u00f3n estimada en un mes. Se busca, as\u00ed, el impulso de espacios seguros y accesibles para la pr\u00e1ctica deportiva. El mandatario estatal record\u00f3 que cuando fue Senador de la Rep\u00fablica se traslad\u00f3 en bicicleta en la ciudad de M\u00e9xico pues es un medio eficaz de transporte.<\/p>\n\n\n\n<p>Por su parte, la secretaria Silvia Tan\u00fas subray\u00f3 el valor comunitario de la v\u00eda. \u201cCelebramos una ciudad que se abre al di\u00e1logo y a la justicia social. Cada pedaleo y cada paso son afirmaciones de que queremos una sociedad m\u00e1s solidaria\u201d, expres\u00f3. Habl\u00f3 tambi\u00e9n de bio\u00e9tica social y de la responsabilidad compartida de cuidar la salud, el espacio p\u00fablico y el medio ambiente.<\/p>\n\n\n\n<p>El fundador de la v\u00eda recreativa, Giovanni Zayas, celebr\u00f3 el compromiso de las autoridades presentes. \u201cEs la primera vez que compartimos esta v\u00eda con un gobernador y con representantes de los municipios metropolitanos. So\u00f1amos con una v\u00eda permanente todos los domingos, como ocurre en otras ciudades de M\u00e9xico\u201d, dijo emocionado. Record\u00f3 que el gobernador incluso rod\u00f3 esta ma\u00f1ana en una bicicleta t\u00e1ndem junto a su hija.<\/p>\n\n\n\n<p>Magaly Plata, quien disfruta de la v\u00eda recreativa expres\u00f3 que motiva a las familias a activarse f\u00edsicamente y a una convivencia sana.<\/p>\n\n\n\n<p>El evento cont\u00f3 con la presencia del presidente municipal de Puebla, Jos\u00e9 Chedraui; la secretaria de Deporte y Juventud, Gabriela S\u00e1nchez; y los impulsores originales del proyecto, Giovanni Zayas y Sara Miranda. Tambi\u00e9n asistieron autoridades de San Andr\u00e9s Cholula, quienes celebraron una jornada de unidad regional.<\/p>\n\n\n\n<p>La v\u00eda recreativa no s\u00f3lo celebra una d\u00e9cada de existencia, sino que reafirma su papel como espacio de encuentro, salud y ciudadan\u00eda activa. La Puebla que camina, corre y pedalea, tambi\u00e9n avanza hacia una comunidad m\u00e1s justa y emp\u00e1tica.<\/p>\n","protected":false},"excerpt":{"rendered":"<p>En una ma\u00f1ana festiva, cientos de familias poblanas se sumaron al acto conmemorativo por el d\u00e9cimo aniversario de la V\u00eda Recreativa Metropolitana, en un ambiente familiar que reuni\u00f3 a ciclistas, patinadores, corredores, ni\u00f1as, ni\u00f1os, mascotas y ciudadanos comprometidos con una ciudad m\u00e1s activa y humana. Durante su intervenci\u00f3n, el gobernador Alejandro Armenta, acompa\u00f1ado de su [&hellip;]<\/p>\n","protected":false},"author":4,"featured_media":62731,"comment_status":"open","ping_status":"open","sticky":false,"template":"","format":"standard","meta":{"om_disable_all_campaigns":false,"_monsterinsights_skip_tracking":false,"_monsterinsights_sitenote_active":false,"_monsterinsights_sitenote_note":"","_monsterinsights_sitenote_category":0,"footnotes":""},"categories":[175],"tags":[239],"class_list":["post-62730","post","type-post","status-publish","format-standard","has-post-thumbnail","hentry","category-local","tag-gobierno"],"amp_enabled":true,"_links":{"self":[{"href":"https:\/\/lahora.mx\/index.php\/wp-json\/wp\/v2\/posts\/62730","targetHints":{"allow":["GET"]}}],"collection":[{"href":"https:\/\/lahora.mx\/index.php\/wp-json\/wp\/v2\/posts"}],"about":[{"href":"https:\/\/lahora.mx\/index.php\/wp-json\/wp\/v2\/types\/post"}],"author":[{"embeddable":true,"href":"https:\/\/lahora.mx\/index.php\/wp-json\/wp\/v2\/users\/4"}],"replies":[{"embeddable":true,"href":"https:\/\/lahora.mx\/index.php\/wp-json\/wp\/v2\/comments?post=62730"}],"version-history":[{"count":1,"href":"https:\/\/lahora.mx\/index.php\/wp-json\/wp\/v2\/posts\/62730\/revisions"}],"predecessor-version":[{"id":62732,"href":"https:\/\/lahora.mx\/index.php\/wp-json\/wp\/v2\/posts\/62730\/revisions\/62732"}],"wp:featuredmedia":[{"embeddable":true,"href":"https:\/\/lahora.mx\/index.php\/wp-json\/wp\/v2\/media\/62731"}],"wp:attachment":[{"href":"https:\/\/lahora.mx\/index.php\/wp-json\/wp\/v2\/media?parent=62730"}],"wp:term":[{"taxonomy":"category","embeddable":true,"href":"https:\/\/lahora.mx\/index.php\/wp-json\/wp\/v2\/categories?post=62730"},{"taxonomy":"post_tag","embeddable":true,"href":"https:\/\/lahora.mx\/index.php\/wp-json\/wp\/v2\/tags?post=62730"}],"curies":[{"name":"wp","href":"https:\/\/api.w.org\/{rel}","templated":true}]}}