{"id":62724,"date":"2025-05-25T17:35:28","date_gmt":"2025-05-25T17:35:28","guid":{"rendered":"https:\/\/lahora.mx\/?p=62724"},"modified":"2025-05-25T17:35:29","modified_gmt":"2025-05-25T17:35:29","slug":"fuertes-vientos-derriban-arboles-en-el-zocalo-de-atlixco","status":"publish","type":"post","link":"https:\/\/lahora.mx\/index.php\/2025\/05\/25\/fuertes-vientos-derriban-arboles-en-el-zocalo-de-atlixco\/","title":{"rendered":"Fuertes vientos derriban \u00e1rboles en el z\u00f3calo de Atlixco"},"content":{"rendered":"\n<p>La Secretar\u00eda local de Seguridad Ciudadana confirm\u00f3 debido a los fuertes vientos y lluvias registradas la noche del s\u00e1bado dos \u00e1rboles colapsaron en el z\u00f3calo de la ciudad.<br><br>Elementos de protecci\u00f3n civil acudieron de inmediato al sitio para asegurar la zona y comenzar con las maniobras de retiro de los \u00e1rboles ca\u00eddos los cuales fueron derribados por las rachas de viento.<\/p>\n\n\n\n<p>Afortunadamente no se reportaron personas lesionadas y tampoco da\u00f1os materiales adicionales.<\/p>\n\n\n\n<p>El Ayuntamiento contin\u00faa realizando un monitoreo constante de las condiciones meteorol\u00f3gicas y mantiene recorridos preventivos en diversos puntos del municipio para garantizar la seguridad de la poblaci\u00f3n.<\/p>\n\n\n\n<p>Se exhort\u00f3 a los transe\u00fantes a tomar precauciones ante posibles lluvias y vientos fuertes durante el fin de semana porque el Servicio Meteorol\u00f3gico Nacional (SMN) pronostic\u00f3 lluvias intensas y actividad el\u00e9ctrica para la regi\u00f3n de Puebla.<\/p>\n\n\n\n<p>La autoridad municipal agradeci\u00f3 la comprensi\u00f3n y colaboraci\u00f3n de los atlixquenses ante esta contingencia.<\/p>\n","protected":false},"excerpt":{"rendered":"<p>La Secretar\u00eda local de Seguridad Ciudadana confirm\u00f3 debido a los fuertes vientos y lluvias registradas la noche del s\u00e1bado dos \u00e1rboles colapsaron en el z\u00f3calo de la ciudad. Elementos de protecci\u00f3n civil acudieron de inmediato al sitio para asegurar la zona y comenzar con las maniobras de retiro de los \u00e1rboles ca\u00eddos los cuales fueron [&hellip;]<\/p>\n","protected":false},"author":4,"featured_media":62725,"comment_status":"open","ping_status":"open","sticky":false,"template":"","format":"standard","meta":{"om_disable_all_campaigns":false,"_monsterinsights_skip_tracking":false,"_monsterinsights_sitenote_active":false,"_monsterinsights_sitenote_note":"","_monsterinsights_sitenote_category":0,"footnotes":""},"categories":[175],"tags":[223],"class_list":["post-62724","post","type-post","status-publish","format-standard","has-post-thumbnail","hentry","category-local","tag-puebla"],"amp_enabled":true,"_links":{"self":[{"href":"https:\/\/lahora.mx\/index.php\/wp-json\/wp\/v2\/posts\/62724","targetHints":{"allow":["GET"]}}],"collection":[{"href":"https:\/\/lahora.mx\/index.php\/wp-json\/wp\/v2\/posts"}],"about":[{"href":"https:\/\/lahora.mx\/index.php\/wp-json\/wp\/v2\/types\/post"}],"author":[{"embeddable":true,"href":"https:\/\/lahora.mx\/index.php\/wp-json\/wp\/v2\/users\/4"}],"replies":[{"embeddable":true,"href":"https:\/\/lahora.mx\/index.php\/wp-json\/wp\/v2\/comments?post=62724"}],"version-history":[{"count":1,"href":"https:\/\/lahora.mx\/index.php\/wp-json\/wp\/v2\/posts\/62724\/revisions"}],"predecessor-version":[{"id":62726,"href":"https:\/\/lahora.mx\/index.php\/wp-json\/wp\/v2\/posts\/62724\/revisions\/62726"}],"wp:featuredmedia":[{"embeddable":true,"href":"https:\/\/lahora.mx\/index.php\/wp-json\/wp\/v2\/media\/62725"}],"wp:attachment":[{"href":"https:\/\/lahora.mx\/index.php\/wp-json\/wp\/v2\/media?parent=62724"}],"wp:term":[{"taxonomy":"category","embeddable":true,"href":"https:\/\/lahora.mx\/index.php\/wp-json\/wp\/v2\/categories?post=62724"},{"taxonomy":"post_tag","embeddable":true,"href":"https:\/\/lahora.mx\/index.php\/wp-json\/wp\/v2\/tags?post=62724"}],"curies":[{"name":"wp","href":"https:\/\/api.w.org\/{rel}","templated":true}]}}