{"id":62717,"date":"2025-05-25T17:32:54","date_gmt":"2025-05-25T17:32:54","guid":{"rendered":"https:\/\/lahora.mx\/?p=62717"},"modified":"2025-05-25T17:32:54","modified_gmt":"2025-05-25T17:32:54","slug":"desde-la-mixteca-armenta-repudia-gravar-remesas-de-familias-migrantes","status":"publish","type":"post","link":"https:\/\/lahora.mx\/index.php\/2025\/05\/25\/desde-la-mixteca-armenta-repudia-gravar-remesas-de-familias-migrantes\/","title":{"rendered":"Desde la mixteca, Armenta repudia gravar remesas de familias migrantes"},"content":{"rendered":"\n<p>\u201cNuestra presidenta de la Rep\u00fablica nos pide que trabajemos con la poblaci\u00f3n, que apoyemos a las escuelas, que apoyemos al campo, que apoyemos a nuestros hermanos migrantes. Claro que\u00a0<strong>estamos en contra de que se tenga que pagar impuestos por las remesas, no estamos de acuerdo porque nuestros hermanos migrantes trabajan y el fruto de su trabajo<\/strong>, con amor, lo env\u00edan a sus familiares y eso es una canallada, por eso apoyamos a nuestra presidenta desde Chiautla de Tapia\u201d,\u00a0<strong>puntualiz\u00f3 el gobernador Alejandro Armenta, en el municipio mixteco, que se caracteriza por el gran n\u00famero de migrantes que radican en la Uni\u00f3n Americana.<\/strong><br><br>Lo anterior, durante la \u201cEntrega de apoyos del Programa de Obra Comunitaria \u201cPor Amor a Puebla\u201d, donde, con una inversi\u00f3n superior a los 12 millones de pesos, el mandatario entreg\u00f3 75 apoyos en beneficio de las microrregiones 22 de Iz\u00facar de Matamoros y 24 de Chiautla. El evento, cargado de emoci\u00f3n y participaci\u00f3n ciudadana, reuni\u00f3 a autoridades locales y estatales, y culmin\u00f3 con una simb\u00f3lica cabalgata por el centro del municipio.<\/p>\n\n\n\n<p>Desde la calle 5 de Mayo, a un costado de la presidencia municipal, Alejandro Armenta entreg\u00f3 llaves simb\u00f3licas de un cami\u00f3n recolector de basura, una gr\u00faa tipo pluma y una motopatrulla para Chiautla de Tapia, con acciones como estas reafirma que \u201cel poder es hacer que las cosas sucedan\u201d. Con comit\u00e9s ciudadanos al frente de la administraci\u00f3n de los recursos, el mandatario subray\u00f3 que las obras deben gestionarse como en casa: con responsabilidad, sin corrupci\u00f3n y con transparencia.<\/p>\n\n\n\n<p>\u201cAmar a Puebla es trabajar juntos, hacer m\u00e1s con menos, escuchar a la gente, y erradicar la corrupci\u00f3n. Aqu\u00ed no hay monarcas, aqu\u00ed se gobierna con el pueblo\u201d, sentenci\u00f3 el gobernador.<\/p>\n\n\n\n<p>El presidente municipal, Gonzalo Oropeza Garc\u00eda, agradeci\u00f3 al gobernador por impulsar una pol\u00edtica p\u00fablica que impacta de manera directa a comunidades que esperaron durante a\u00f1os. Destac\u00f3 obras como la rehabilitaci\u00f3n de ba\u00f1os escolares, presidencias auxiliares afectadas por el sismo de 2017 que no hab\u00edan sido atendidas, el vado del Lim\u00f3n para el paso de campesinos, y espacios recreativos para la juventud.<\/p>\n\n\n\n<p>\u201cEn Chiautla de Tapia hoy se ve y se siente la transformaci\u00f3n. Hay que darle al pueblo lo que es del pueblo\u201d, expres\u00f3 Oropeza.<\/p>\n\n\n\n<p>Por su parte, Elsa Ruiz Betanzos, subsecretaria de Opciones Productivas para el Bienestar, de la Secretar\u00eda del Bienestar, anunci\u00f3 el arranque de un nuevo programa de becas de conectividad para estudiantes de nivel medio y superior, con el fin de reducir el rezago educativo en zonas marginadas.<\/p>\n\n\n\n<p>El secretario de Gobernaci\u00f3n, Samuel Aguilar, destac\u00f3 que este programa fue dise\u00f1ado para atender directamente las necesidades m\u00e1s sentidas de la comunidad, especialmente de mujeres, quienes integran y administran los comit\u00e9s ciudadanos.<\/p>\n\n\n\n<p>\u201cCreemos m\u00e1s en nuestras mujeres porque saben estirar el recurso, cuidarlo y no caer en tentaciones. Este programa reconoce su liderazgo\u201d, afirm\u00f3. Samuel Aguilar tambi\u00e9n llam\u00f3 a aprovechar el hecho hist\u00f3rico de tener un gobernador mixteco, cercano a las realidades del pueblo, con una visi\u00f3n de justicia social y comunitaria.<\/p>\n\n\n\n<p>La entrega incluy\u00f3 apoyos para escuelas como la telesecundaria Mariano Escobedo y la Juan Escutia, administrados directamente por padres de familia organizados.<\/p>\n\n\n\n<p>Sandra Cristina Priego Ramos, beneficiada con el Programa de Obra Comunitaria, explic\u00f3 que usar\u00e1n el recurso para arreglar sanitarios de un Telesecundaria y para un proyecto de captaci\u00f3n de agua que beneficie a los alumnos de dicha instituci\u00f3n.<\/p>\n\n\n\n<p>El evento concluy\u00f3 con una cabalgata simb\u00f3lica por el coraz\u00f3n de Chiautla, con m\u00e1s de 50 jinetes y aproximadamente 2 km de distancia, esto como muestra del arraigo, tradici\u00f3n y esp\u00edritu comunitario que caracteriza a la regi\u00f3n mixteca. Una jornada de fiesta, compromiso y cercan\u00eda, que deja claro que en Puebla la transformaci\u00f3n camina con paso firme.<\/p>\n","protected":false},"excerpt":{"rendered":"<p>\u201cNuestra presidenta de la Rep\u00fablica nos pide que trabajemos con la poblaci\u00f3n, que apoyemos a las escuelas, que apoyemos al campo, que apoyemos a nuestros hermanos migrantes. Claro que\u00a0estamos en contra de que se tenga que pagar impuestos por las remesas, no estamos de acuerdo porque nuestros hermanos migrantes trabajan y el fruto de su [&hellip;]<\/p>\n","protected":false},"author":4,"featured_media":62718,"comment_status":"open","ping_status":"open","sticky":false,"template":"","format":"standard","meta":{"om_disable_all_campaigns":false,"_monsterinsights_skip_tracking":false,"_monsterinsights_sitenote_active":false,"_monsterinsights_sitenote_note":"","_monsterinsights_sitenote_category":0,"footnotes":""},"categories":[175],"tags":[223],"class_list":["post-62717","post","type-post","status-publish","format-standard","has-post-thumbnail","hentry","category-local","tag-puebla"],"amp_enabled":true,"_links":{"self":[{"href":"https:\/\/lahora.mx\/index.php\/wp-json\/wp\/v2\/posts\/62717","targetHints":{"allow":["GET"]}}],"collection":[{"href":"https:\/\/lahora.mx\/index.php\/wp-json\/wp\/v2\/posts"}],"about":[{"href":"https:\/\/lahora.mx\/index.php\/wp-json\/wp\/v2\/types\/post"}],"author":[{"embeddable":true,"href":"https:\/\/lahora.mx\/index.php\/wp-json\/wp\/v2\/users\/4"}],"replies":[{"embeddable":true,"href":"https:\/\/lahora.mx\/index.php\/wp-json\/wp\/v2\/comments?post=62717"}],"version-history":[{"count":1,"href":"https:\/\/lahora.mx\/index.php\/wp-json\/wp\/v2\/posts\/62717\/revisions"}],"predecessor-version":[{"id":62719,"href":"https:\/\/lahora.mx\/index.php\/wp-json\/wp\/v2\/posts\/62717\/revisions\/62719"}],"wp:featuredmedia":[{"embeddable":true,"href":"https:\/\/lahora.mx\/index.php\/wp-json\/wp\/v2\/media\/62718"}],"wp:attachment":[{"href":"https:\/\/lahora.mx\/index.php\/wp-json\/wp\/v2\/media?parent=62717"}],"wp:term":[{"taxonomy":"category","embeddable":true,"href":"https:\/\/lahora.mx\/index.php\/wp-json\/wp\/v2\/categories?post=62717"},{"taxonomy":"post_tag","embeddable":true,"href":"https:\/\/lahora.mx\/index.php\/wp-json\/wp\/v2\/tags?post=62717"}],"curies":[{"name":"wp","href":"https:\/\/api.w.org\/{rel}","templated":true}]}}