{"id":62714,"date":"2025-05-25T15:28:45","date_gmt":"2025-05-25T15:28:45","guid":{"rendered":"https:\/\/lahora.mx\/?p=62714"},"modified":"2025-05-25T15:28:46","modified_gmt":"2025-05-25T15:28:46","slug":"el-deporte-en-puebla-es-politica-de-estado-no-un-programa-de-gobierno-alejandro-armenta","status":"publish","type":"post","link":"https:\/\/lahora.mx\/index.php\/2025\/05\/25\/el-deporte-en-puebla-es-politica-de-estado-no-un-programa-de-gobierno-alejandro-armenta\/","title":{"rendered":"El deporte en Puebla es pol\u00edtica de Estado, no un programa de gobierno: Alejandro Armenta"},"content":{"rendered":"\n<p>El deporte no debe ser una actividad arbitraria o del gusto o no de quien gobierna, el deporte hoy se posiciona como una pol\u00edtica de Estado firme y comprometida con la transformaci\u00f3n social y no como un programa de gobierno, asegur\u00f3 el mandatario estatal Alejandro Armenta, durante la entrega de apoyos a las y los integrantes de la Delegaci\u00f3n de Puebla rumbo a la Olimpiada CONADE.<\/p>\n\n\n\n<p>El gobernador afirm\u00f3 que las y los j\u00f3venes atletas representan un orgullo para Puebla, m\u00e1s all\u00e1 del n\u00famero de medallas que logre, por lo que los est\u00edmulos quedar\u00e1n en la Constituci\u00f3n para que los siguientes gobiernos los mantengan. \u201cSon campeonas y campeones, lo mejor que tenemos en el estado, y el gobierno los respaldar\u00e1 al cien por ciento\u201d, declar\u00f3 con firmeza.<\/p>\n\n\n\n<p>\u201cAntes de que vayan a competir, les estamos entregando un est\u00edmulo de 10 mil pesos a cada uno de los 705 atletas y entrenadores. Son 7 millones y medio de pesos, porque los padres de familia dan todo por ustedes. Un padre, una madre que se preocupa por un hijo para que entrene un deporte, es un \u00e1ngel que sabe la herencia que le est\u00e1 dando a su hijo. El deporte los transforma mentalmente\u201d, se\u00f1al\u00f3 Alejandro Armenta.<\/p>\n\n\n\n<p>El ejecutivo estatal destac\u00f3 la importancia de la actividad f\u00edsica, como base en la formaci\u00f3n del car\u00e1cter, disciplina y habilidades de las y los estudiantes. Subray\u00f3 que su administraci\u00f3n mantendr\u00e1 un respaldo integral para las y los deportistas poblanos, con acciones concretas que fortalezcan su crecimiento.<\/p>\n\n\n\n<p>El gobernador anunci\u00f3 adem\u00e1s, una reestructuraci\u00f3n del presupuesto estatal destinado al sector. Esta medida incluir\u00e1 becas dignas para que las y los j\u00f3venes puedan dedicarse de tiempo completo a su desarrollo deportivo. Asimismo, se construir\u00e1 tres nuevos centros de alto rendimiento: uno en La Malintzi, otro en la zona Izta-Popo, y un tercero entre la Sierra Negra &#8211; Pico de Orizaba.<\/p>\n\n\n\n<p>Por su parte, la secretaria del Deporte y Juventud, Gaby \u201cLa Bonita\u201d S\u00e1nchez, reconoci\u00f3 la visi\u00f3n del gobierno estatal, al que calific\u00f3 como un aliado clave para brindar a las y los atletas condiciones dignas de competencia y preparaci\u00f3n. \u201cUna vez m\u00e1s mi reconocimiento y agradecimiento sincero a nuestro gobernador por otorgar apoyos hist\u00f3ricos a nuestras y nuestros atletas, no s\u00f3lo para asistir a esta justa nacional, sino tambi\u00e9n premiando sus logros, cuando se suben al podio, reafirmando con hechos el compromiso que tiene con el deporte Poblano\u201d.<\/p>\n\n\n\n<p>A nombre de la Delegaci\u00f3n, la nadadora Dania Ximena Aguirre L\u00f3pez agradeci\u00f3 el respaldo recibido y expres\u00f3 el compromiso de todas y todos los deportistas de Puebla por representar con honor, entrega y disciplina al estado en cada competencia.<\/p>\n\n\n\n<p>La entrenadora de Tae Kwon Do, Norma Pacheco reconoci\u00f3 que nunca un gobierno los hab\u00eda apoyado de esta manera y los motiva todav\u00eda m\u00e1s a cumplir con la metas y obtener buenos resultados en las competencias.<\/p>\n\n\n\n<p>Bajo esta visi\u00f3n, en las pr\u00f3ximas semanas el estado ser\u00e1 sede de importantes eventos deportivos de alcance nacional: la Universiada, los Juegos Deportivos Nacionales Escolares de la Educaci\u00f3n B\u00e1sica, y Juega 2025, programa que se desarrollar\u00e1 en los 217 municipios del estado.<\/p>\n","protected":false},"excerpt":{"rendered":"<p>El deporte no debe ser una actividad arbitraria o del gusto o no de quien gobierna, el deporte hoy se posiciona como una pol\u00edtica de Estado firme y comprometida con la transformaci\u00f3n social y no como un programa de gobierno, asegur\u00f3 el mandatario estatal Alejandro Armenta, durante la entrega de apoyos a las y los [&hellip;]<\/p>\n","protected":false},"author":4,"featured_media":62715,"comment_status":"open","ping_status":"open","sticky":false,"template":"","format":"standard","meta":{"om_disable_all_campaigns":false,"_monsterinsights_skip_tracking":false,"_monsterinsights_sitenote_active":false,"_monsterinsights_sitenote_note":"","_monsterinsights_sitenote_category":0,"footnotes":""},"categories":[175],"tags":[239,195,223],"class_list":["post-62714","post","type-post","status-publish","format-standard","has-post-thumbnail","hentry","category-local","tag-gobierno","tag-principal","tag-puebla"],"amp_enabled":true,"_links":{"self":[{"href":"https:\/\/lahora.mx\/index.php\/wp-json\/wp\/v2\/posts\/62714","targetHints":{"allow":["GET"]}}],"collection":[{"href":"https:\/\/lahora.mx\/index.php\/wp-json\/wp\/v2\/posts"}],"about":[{"href":"https:\/\/lahora.mx\/index.php\/wp-json\/wp\/v2\/types\/post"}],"author":[{"embeddable":true,"href":"https:\/\/lahora.mx\/index.php\/wp-json\/wp\/v2\/users\/4"}],"replies":[{"embeddable":true,"href":"https:\/\/lahora.mx\/index.php\/wp-json\/wp\/v2\/comments?post=62714"}],"version-history":[{"count":1,"href":"https:\/\/lahora.mx\/index.php\/wp-json\/wp\/v2\/posts\/62714\/revisions"}],"predecessor-version":[{"id":62716,"href":"https:\/\/lahora.mx\/index.php\/wp-json\/wp\/v2\/posts\/62714\/revisions\/62716"}],"wp:featuredmedia":[{"embeddable":true,"href":"https:\/\/lahora.mx\/index.php\/wp-json\/wp\/v2\/media\/62715"}],"wp:attachment":[{"href":"https:\/\/lahora.mx\/index.php\/wp-json\/wp\/v2\/media?parent=62714"}],"wp:term":[{"taxonomy":"category","embeddable":true,"href":"https:\/\/lahora.mx\/index.php\/wp-json\/wp\/v2\/categories?post=62714"},{"taxonomy":"post_tag","embeddable":true,"href":"https:\/\/lahora.mx\/index.php\/wp-json\/wp\/v2\/tags?post=62714"}],"curies":[{"name":"wp","href":"https:\/\/api.w.org\/{rel}","templated":true}]}}